{"id":2957,"date":"2019-12-17T09:09:00","date_gmt":"2019-12-17T08:09:00","guid":{"rendered":"https:\/\/www.madulain.ch\/?p=2957"},"modified":"2019-12-25T18:07:13","modified_gmt":"2019-12-25T17:07:13","slug":"protettivo-diga-vallacha-puo-essere-costruito","status":"publish","type":"post","link":"https:\/\/www.madulain.ch\/it\/schutzdamm-vallatscha-kann-gebaut-werden\/","title":{"rendered":"Pu\u00f2 essere costruita una diga di protezione"},"content":{"rendered":"<p><strong>All&#039;assemblea comunale del 16 dicembre hanno partecipato 22 dei 127 votanti<\/strong> 23 si era scusato. Ci\u00f2 significava che erano presenti 17,5 % degli elettori di Madulain. Sono stati discussi e approvati due importanti punti all&#039;ordine del giorno: una richiesta di prestito di CHF 270.000 per l&#039;ampliamento della diga di Vallatscha e <a href=\"https:\/\/www.madulain.ch\/gemeinde\/zahlen-gesetze\/#budget2020\">il bilancio 2020<\/a>. L&#039;aliquota dell&#039;imposta comunale rimane a 85%, l&#039;imposta cantonale semplice.<\/p>\n<p><strong>La diga di Vallatscha viene ampliata. L&#039;assemblea della comunit\u00e0 ha approvato all&#039;unanimit\u00e0 il progetto di costruzione sopra il villaggio in direzione di Zuoz.<\/strong> Una nuova domanda di prestito di 270&#039;000 franchi \u00e8 stata nuovamente presentata all&#039;assemblea comunale, poich\u00e9 il calcolo del progetto dettagliato ha rilevato che la precedente stima dei costi \u00e8 stata notevolmente superata. Gli errori di calcolo sono stati commessi dall&#039;Ufficio cantonale per i pericoli forestali e naturali.<br>&quot;Gli errori accadono e non vogliamo incolpare nessuno qui&quot;, ha detto il sindaco Roberto Zanetti quando gli \u00e8 stato chiesto come possa verificarsi un errore di calcolo cos\u00ec grande. \u00c8 importante che la diga, che protegge il villaggio da valanghe e sassi, sia costruita presto. I lavori di costruzione inizieranno nell&#039;autunno 2020 e dovrebbero essere completati nella seconda met\u00e0 del 2021.<\/p>\n<p><strong>Quando si \u00e8 discusso del budget 2020, c&#039;era un punto in particolare di cui parlare: la creazione di un nuovo punto centrale per lo smaltimento dei rifiuti.<\/strong> Il consiglio comunale ha sviluppato un nuovo concetto che prevede solo un punto di raccolta presso la localit\u00e0 Vallatscha presso il sottopasso ferroviario. I contenitori della spazzatura esistenti saranno sostituiti da contenitori seminterrati noti come Moloks. Restano chiusi gli altri tre punti di raccolta (Spih, Resgia Veglia e Pras\u00fcra). Con questo nuovo concetto di smaltimento dei rifiuti, il consiglio comunale si aspetta pi\u00f9 efficienza, pi\u00f9 ordine e pi\u00f9 incontri nel villaggio. Il consiglio della comunit\u00e0 \u00e8 anche consapevole che la popolazione deve abituarsi.<br>L&#039;assemblea della comunit\u00e0 ha criticato il fatto che il sito di smaltimento dei rifiuti verdi sarebbe stato trasferito a Zuoz. Anche lo smaltimento pianificato del cartone a Moloks invece che con una pressa per cartone ha suscitato scetticismo. Tutto ci\u00f2 porta alla fine ad una &quot;riduzione delle prestazioni&quot;, motivo per cui \u00e8 stata fatta richiesta di rifiutare il concetto in questa forma e di rimandarlo al consiglio della comunit\u00e0 per ulteriori elaborazioni. La mozione \u00e8 stata approvata con 16 voti favorevoli, 5 contrari e un&#039;astensione.<\/p>\n<p><strong>Il sindaco Roberto Zanetti ha rilasciato ulteriori dichiarazioni su diverse voci di investimento in bilancio. Ecco due esempi:<\/strong><\/p>\n<ul style=\"list-style-type: circle;\">\n<li><strong>Illuminazione stradale.<\/strong> Dopo un test pilota riuscito, tutti i 49 lampioni del villaggio saranno sostituiti da moderne luci a LED. Le nuove luci intelligenti sono dotate di rilevatori di movimento e possono essere controllate e regolate in varie scene secondo necessit\u00e0 utilizzando un&#039;applicazione.<\/li>\n<li><strong>Sottopasso ferroviario.<\/strong> La FR intende ristrutturare il sottopasso ferroviario della Via Vallatscha. I tre caratteristici archi a tutto sesto devono essere rimossi e sostituiti con travi d&#039;acciaio orizzontali (vedi pianta sotto). Il nuovo sottopasso offre cos\u00ec pi\u00f9 spazio ai veicoli e alle persone di passaggio. La comunit\u00e0 sostiene dei costi in quanto vengono rinnovati contemporaneamente la pavimentazione in asfalto e i pozzi fognari di Via Vallatscha.<\/li>\n<\/ul>\n<p><strong>Il pareggio di bilancio di circa 3,5 milioni di franchi svizzeri \u00e8 stato approvato all&#039;unanimit\u00e0, tenendo conto della domanda accolta (rifiuto della centrale di smaltimento rifiuti).<\/strong><\/p>\n<p>Infine, sono state fissate le aliquote e le tasse. Il consiglio comunale ha chiesto di mantenere l&#039;aliquota dell&#039;imposta comunale a 85%, l&#039;imposta cantonale semplice. Questa richiesta \u00e8 stata accettata all&#039;unanimit\u00e0, ma un elettore ha suggerito che un taglio delle tasse dovrebbe essere preso in considerazione l&#039;anno successivo o l&#039;anno successivo.<\/p>\n\n\n\n<p>\u00a0<\/p>\n<p><strong>Planimetria del nuovo sottopasso ferroviario<br \/><\/strong>Nota che questo non \u00e8 un progetto di costruzione finito, solo una proposta di pianificazione.<\/p>\n\n\n\n<figure class=\"wp-block-image size-large\"><img fetchpriority=\"high\" decoding=\"async\" width=\"945\" height=\"668\" src=\"https:\/\/www.madulain.ch\/wp-content\/uploads\/2019\/12\/Plan-Bru\u0308cke.jpg\" alt=\"\" class=\"wp-image-2958\" srcset=\"https:\/\/www.madulain.ch\/wp-content\/uploads\/2019\/12\/Plan-Bru\u0308cke.jpg 945w, https:\/\/www.madulain.ch\/wp-content\/uploads\/2019\/12\/Plan-Bru\u0308cke-300x212.jpg 300w, https:\/\/www.madulain.ch\/wp-content\/uploads\/2019\/12\/Plan-Bru\u0308cke-768x543.jpg 768w, https:\/\/www.madulain.ch\/wp-content\/uploads\/2019\/12\/Plan-Bru\u0308cke-700x495.jpg 700w\" sizes=\"(max-width: 945px) 100vw, 945px\" \/><\/figure>","protected":false},"excerpt":{"rendered":"<p>22 von 127 Stimmb\u00fcrgerinnen und Stimmb\u00fcrgern nahmen an der Gemeindeversammlung vom 16. Dezember teil, 23 hatten sich entschuldigt. Damit waren [&#8230;]<\/p>\n","protected":false},"author":2,"featured_media":620,"comment_status":"closed","ping_status":"closed","sticky":false,"template":"","format":"standard","meta":{"_relevanssi_hide_post":"","_relevanssi_hide_content":"","_relevanssi_pin_for_all":"","_relevanssi_pin_keywords":"","_relevanssi_unpin_keywords":"","_relevanssi_related_keywords":"","_relevanssi_related_include_ids":"","_relevanssi_related_exclude_ids":"","_relevanssi_related_no_append":"","_relevanssi_related_not_related":"","_relevanssi_related_posts":"","_relevanssi_noindex_reason":"","site-sidebar-layout":"default","site-content-layout":"default","ast-site-content-layout":"default","site-content-style":"default","site-sidebar-style":"default","ast-global-header-display":"","ast-banner-title-visibility":"","ast-main-header-display":"","ast-hfb-above-header-display":"","ast-hfb-below-header-display":"","ast-hfb-mobile-header-display":"","site-post-title":"","ast-breadcrumbs-content":"","ast-featured-img":"","footer-sml-layout":"","ast-disable-related-posts":"","theme-transparent-header-meta":"default","adv-header-id-meta":"","stick-header-meta":"","header-above-stick-meta":"","header-main-stick-meta":"","header-below-stick-meta":"","astra-migrate-meta-layouts":"default","ast-page-background-enabled":"default","ast-page-background-meta":{"desktop":{"background-color":"","background-image":"","background-repeat":"repeat","background-position":"center center","background-size":"auto","background-attachment":"scroll","background-type":"","background-media":"","overlay-type":"","overlay-color":"","overlay-opacity":"","overlay-gradient":""},"tablet":{"background-color":"","background-image":"","background-repeat":"repeat","background-position":"center center","background-size":"auto","background-attachment":"scroll","background-type":"","background-media":"","overlay-type":"","overlay-color":"","overlay-opacity":"","overlay-gradient":""},"mobile":{"background-color":"","background-image":"","background-repeat":"repeat","background-position":"center center","background-size":"auto","background-attachment":"scroll","background-type":"","background-media":"","overlay-type":"","overlay-color":"","overlay-opacity":"","overlay-gradient":""}},"ast-content-background-meta":{"desktop":{"background-color":"var(--ast-global-color-5)","background-image":"","background-repeat":"repeat","background-position":"center center","background-size":"auto","background-attachment":"scroll","background-type":"","background-media":"","overlay-type":"","overlay-color":"","overlay-opacity":"","overlay-gradient":""},"tablet":{"background-color":"var(--ast-global-color-5)","background-image":"","background-repeat":"repeat","background-position":"center center","background-size":"auto","background-attachment":"scroll","background-type":"","background-media":"","overlay-type":"","overlay-color":"","overlay-opacity":"","overlay-gradient":""},"mobile":{"background-color":"var(--ast-global-color-5)","background-image":"","background-repeat":"repeat","background-position":"center center","background-size":"auto","background-attachment":"scroll","background-type":"","background-media":"","overlay-type":"","overlay-color":"","overlay-opacity":"","overlay-gradient":""}},"footnotes":""},"categories":[44],"tags":[],"class_list":["post-2957","post","type-post","status-publish","format-standard","has-post-thumbnail","hentry","category-gemeindeversammlung"],"yoast_head":"<!-- This site is optimized with the Yoast SEO plugin v27.4 - https:\/\/yoast.com\/product\/yoast-seo-wordpress\/ -->\n<title>Schutzdamm kann gebaut werden - Gemeinde Madulain<\/title>\n<meta name=\"robots\" content=\"index, follow, max-snippet:-1, max-image-preview:large, max-video-preview:-1\" \/>\n<link rel=\"canonical\" href=\"https:\/\/www.madulain.ch\/it\/protettivo-diga-vallacha-puo-essere-costruito\/\" \/>\n<meta property=\"og:locale\" content=\"it_IT\" \/>\n<meta property=\"og:type\" content=\"article\" \/>\n<meta property=\"og:title\" content=\"Schutzdamm kann gebaut werden - Gemeinde Madulain\" \/>\n<meta property=\"og:description\" content=\"22 von 127 Stimmb\u00fcrgerinnen und Stimmb\u00fcrgern nahmen an der Gemeindeversammlung vom 16. Dezember teil, 23 hatten sich entschuldigt. Damit waren [...]\" \/>\n<meta property=\"og:url\" content=\"https:\/\/www.madulain.ch\/it\/protettivo-diga-vallacha-puo-essere-costruito\/\" \/>\n<meta property=\"og:site_name\" content=\"Gemeinde Madulain\" \/>\n<meta property=\"article:published_time\" content=\"2019-12-17T08:09:00+00:00\" \/>\n<meta property=\"article:modified_time\" content=\"2019-12-25T17:07:13+00:00\" \/>\n<meta property=\"og:image\" content=\"https:\/\/www.madulain.ch\/wp-content\/uploads\/2019\/10\/madulain_saal_gemeindeversammlung_2.jpg\" \/>\n\t<meta property=\"og:image:width\" content=\"1920\" \/>\n\t<meta property=\"og:image:height\" content=\"1080\" \/>\n\t<meta property=\"og:image:type\" content=\"image\/jpeg\" \/>\n<meta name=\"author\" content=\"vengo ADMIN\" \/>\n<meta name=\"twitter:card\" content=\"summary_large_image\" \/>\n<meta name=\"twitter:label1\" content=\"Scritto da\" \/>\n\t<meta name=\"twitter:data1\" content=\"vengo ADMIN\" \/>\n\t<meta name=\"twitter:label2\" content=\"Tempo di lettura stimato\" \/>\n\t<meta name=\"twitter:data2\" content=\"3 minuti\" \/>\n<script type=\"application\/ld+json\" class=\"yoast-schema-graph\">{\"@context\":\"https:\\\/\\\/schema.org\",\"@graph\":[{\"@type\":\"Article\",\"@id\":\"https:\\\/\\\/www.madulain.ch\\\/schutzdamm-vallatscha-kann-gebaut-werden\\\/#article\",\"isPartOf\":{\"@id\":\"https:\\\/\\\/www.madulain.ch\\\/schutzdamm-vallatscha-kann-gebaut-werden\\\/\"},\"author\":{\"name\":\"vengo ADMIN\",\"@id\":\"https:\\\/\\\/www.madulain.ch\\\/#\\\/schema\\\/person\\\/c48448ed653cdecd2ff83f3a8ef8c105\"},\"headline\":\"Schutzdamm kann gebaut werden\",\"datePublished\":\"2019-12-17T08:09:00+00:00\",\"dateModified\":\"2019-12-25T17:07:13+00:00\",\"mainEntityOfPage\":{\"@id\":\"https:\\\/\\\/www.madulain.ch\\\/schutzdamm-vallatscha-kann-gebaut-werden\\\/\"},\"wordCount\":530,\"publisher\":{\"@id\":\"https:\\\/\\\/www.madulain.ch\\\/#organization\"},\"image\":{\"@id\":\"https:\\\/\\\/www.madulain.ch\\\/schutzdamm-vallatscha-kann-gebaut-werden\\\/#primaryimage\"},\"thumbnailUrl\":\"https:\\\/\\\/www.madulain.ch\\\/wp-content\\\/uploads\\\/2019\\\/10\\\/madulain_saal_gemeindeversammlung_2.jpg\",\"articleSection\":[\"Gemeinde&shy;\u00adversammlung\"],\"inLanguage\":\"it-IT\"},{\"@type\":\"WebPage\",\"@id\":\"https:\\\/\\\/www.madulain.ch\\\/schutzdamm-vallatscha-kann-gebaut-werden\\\/\",\"url\":\"https:\\\/\\\/www.madulain.ch\\\/schutzdamm-vallatscha-kann-gebaut-werden\\\/\",\"name\":\"Schutzdamm kann gebaut werden - Gemeinde Madulain\",\"isPartOf\":{\"@id\":\"https:\\\/\\\/www.madulain.ch\\\/#website\"},\"primaryImageOfPage\":{\"@id\":\"https:\\\/\\\/www.madulain.ch\\\/schutzdamm-vallatscha-kann-gebaut-werden\\\/#primaryimage\"},\"image\":{\"@id\":\"https:\\\/\\\/www.madulain.ch\\\/schutzdamm-vallatscha-kann-gebaut-werden\\\/#primaryimage\"},\"thumbnailUrl\":\"https:\\\/\\\/www.madulain.ch\\\/wp-content\\\/uploads\\\/2019\\\/10\\\/madulain_saal_gemeindeversammlung_2.jpg\",\"datePublished\":\"2019-12-17T08:09:00+00:00\",\"dateModified\":\"2019-12-25T17:07:13+00:00\",\"breadcrumb\":{\"@id\":\"https:\\\/\\\/www.madulain.ch\\\/schutzdamm-vallatscha-kann-gebaut-werden\\\/#breadcrumb\"},\"inLanguage\":\"it-IT\",\"potentialAction\":[{\"@type\":\"ReadAction\",\"target\":[\"https:\\\/\\\/www.madulain.ch\\\/schutzdamm-vallatscha-kann-gebaut-werden\\\/\"]}]},{\"@type\":\"ImageObject\",\"inLanguage\":\"it-IT\",\"@id\":\"https:\\\/\\\/www.madulain.ch\\\/schutzdamm-vallatscha-kann-gebaut-werden\\\/#primaryimage\",\"url\":\"https:\\\/\\\/www.madulain.ch\\\/wp-content\\\/uploads\\\/2019\\\/10\\\/madulain_saal_gemeindeversammlung_2.jpg\",\"contentUrl\":\"https:\\\/\\\/www.madulain.ch\\\/wp-content\\\/uploads\\\/2019\\\/10\\\/madulain_saal_gemeindeversammlung_2.jpg\",\"width\":1920,\"height\":1080},{\"@type\":\"BreadcrumbList\",\"@id\":\"https:\\\/\\\/www.madulain.ch\\\/schutzdamm-vallatscha-kann-gebaut-werden\\\/#breadcrumb\",\"itemListElement\":[{\"@type\":\"ListItem\",\"position\":1,\"name\":\"Madulain\",\"item\":\"https:\\\/\\\/www.madulain.ch\\\/\"},{\"@type\":\"ListItem\",\"position\":2,\"name\":\"Schutzdamm kann gebaut werden\"}]},{\"@type\":\"WebSite\",\"@id\":\"https:\\\/\\\/www.madulain.ch\\\/#website\",\"url\":\"https:\\\/\\\/www.madulain.ch\\\/\",\"name\":\"Gemeinde Madulain\",\"description\":\"Region Maloja, Engadin - St. Moritz\",\"publisher\":{\"@id\":\"https:\\\/\\\/www.madulain.ch\\\/#organization\"},\"potentialAction\":[{\"@type\":\"SearchAction\",\"target\":{\"@type\":\"EntryPoint\",\"urlTemplate\":\"https:\\\/\\\/www.madulain.ch\\\/?s={search_term_string}\"},\"query-input\":{\"@type\":\"PropertyValueSpecification\",\"valueRequired\":true,\"valueName\":\"search_term_string\"}}],\"inLanguage\":\"it-IT\"},{\"@type\":\"Organization\",\"@id\":\"https:\\\/\\\/www.madulain.ch\\\/#organization\",\"name\":\"Gemeinde Madulain\",\"url\":\"https:\\\/\\\/www.madulain.ch\\\/\",\"logo\":{\"@type\":\"ImageObject\",\"inLanguage\":\"it-IT\",\"@id\":\"https:\\\/\\\/www.madulain.ch\\\/#\\\/schema\\\/logo\\\/image\\\/\",\"url\":\"https:\\\/\\\/www.madulain.ch\\\/wp-content\\\/uploads\\\/2019\\\/08\\\/madulain_logo_black.png\",\"contentUrl\":\"https:\\\/\\\/www.madulain.ch\\\/wp-content\\\/uploads\\\/2019\\\/08\\\/madulain_logo_black.png\",\"width\":500,\"height\":129,\"caption\":\"Gemeinde Madulain\"},\"image\":{\"@id\":\"https:\\\/\\\/www.madulain.ch\\\/#\\\/schema\\\/logo\\\/image\\\/\"}},{\"@type\":\"Person\",\"@id\":\"https:\\\/\\\/www.madulain.ch\\\/#\\\/schema\\\/person\\\/c48448ed653cdecd2ff83f3a8ef8c105\",\"name\":\"vengo ADMIN\",\"image\":{\"@type\":\"ImageObject\",\"inLanguage\":\"it-IT\",\"@id\":\"https:\\\/\\\/secure.gravatar.com\\\/avatar\\\/de38c1b4ba8f14334fc485bb4732a627551688a773ca6aa101bf28a73f595f7d?s=96&d=mm&r=g\",\"url\":\"https:\\\/\\\/secure.gravatar.com\\\/avatar\\\/de38c1b4ba8f14334fc485bb4732a627551688a773ca6aa101bf28a73f595f7d?s=96&d=mm&r=g\",\"contentUrl\":\"https:\\\/\\\/secure.gravatar.com\\\/avatar\\\/de38c1b4ba8f14334fc485bb4732a627551688a773ca6aa101bf28a73f595f7d?s=96&d=mm&r=g\",\"caption\":\"vengo ADMIN\"}}]}<\/script>\n<!-- \/ Yoast SEO plugin. -->","yoast_head_json":{"title":"La diga pu\u00f2 essere costruita - Comunit\u00e0 di Madulain","robots":{"index":"index","follow":"follow","max-snippet":"max-snippet:-1","max-image-preview":"max-image-preview:large","max-video-preview":"max-video-preview:-1"},"canonical":"https:\/\/www.madulain.ch\/it\/protettivo-diga-vallacha-puo-essere-costruito\/","og_locale":"it_IT","og_type":"article","og_title":"Schutzdamm kann gebaut werden - Gemeinde Madulain","og_description":"22 von 127 Stimmb\u00fcrgerinnen und Stimmb\u00fcrgern nahmen an der Gemeindeversammlung vom 16. Dezember teil, 23 hatten sich entschuldigt. Damit waren [...]","og_url":"https:\/\/www.madulain.ch\/it\/protettivo-diga-vallacha-puo-essere-costruito\/","og_site_name":"Gemeinde Madulain","article_published_time":"2019-12-17T08:09:00+00:00","article_modified_time":"2019-12-25T17:07:13+00:00","og_image":[{"width":1920,"height":1080,"url":"https:\/\/www.madulain.ch\/wp-content\/uploads\/2019\/10\/madulain_saal_gemeindeversammlung_2.jpg","type":"image\/jpeg"}],"author":"vengo ADMIN","twitter_card":"summary_large_image","twitter_misc":{"Scritto da":"vengo ADMIN","Tempo di lettura stimato":"3 minuti"},"schema":{"@context":"https:\/\/schema.org","@graph":[{"@type":"Article","@id":"https:\/\/www.madulain.ch\/schutzdamm-vallatscha-kann-gebaut-werden\/#article","isPartOf":{"@id":"https:\/\/www.madulain.ch\/schutzdamm-vallatscha-kann-gebaut-werden\/"},"author":{"name":"vengo ADMIN","@id":"https:\/\/www.madulain.ch\/#\/schema\/person\/c48448ed653cdecd2ff83f3a8ef8c105"},"headline":"Schutzdamm kann gebaut werden","datePublished":"2019-12-17T08:09:00+00:00","dateModified":"2019-12-25T17:07:13+00:00","mainEntityOfPage":{"@id":"https:\/\/www.madulain.ch\/schutzdamm-vallatscha-kann-gebaut-werden\/"},"wordCount":530,"publisher":{"@id":"https:\/\/www.madulain.ch\/#organization"},"image":{"@id":"https:\/\/www.madulain.ch\/schutzdamm-vallatscha-kann-gebaut-werden\/#primaryimage"},"thumbnailUrl":"https:\/\/www.madulain.ch\/wp-content\/uploads\/2019\/10\/madulain_saal_gemeindeversammlung_2.jpg","articleSection":["Gemeinde&shy;\u00adversammlung"],"inLanguage":"it-IT"},{"@type":"WebPage","@id":"https:\/\/www.madulain.ch\/schutzdamm-vallatscha-kann-gebaut-werden\/","url":"https:\/\/www.madulain.ch\/schutzdamm-vallatscha-kann-gebaut-werden\/","name":"La diga pu\u00f2 essere costruita - Comunit\u00e0 di Madulain","isPartOf":{"@id":"https:\/\/www.madulain.ch\/#website"},"primaryImageOfPage":{"@id":"https:\/\/www.madulain.ch\/schutzdamm-vallatscha-kann-gebaut-werden\/#primaryimage"},"image":{"@id":"https:\/\/www.madulain.ch\/schutzdamm-vallatscha-kann-gebaut-werden\/#primaryimage"},"thumbnailUrl":"https:\/\/www.madulain.ch\/wp-content\/uploads\/2019\/10\/madulain_saal_gemeindeversammlung_2.jpg","datePublished":"2019-12-17T08:09:00+00:00","dateModified":"2019-12-25T17:07:13+00:00","breadcrumb":{"@id":"https:\/\/www.madulain.ch\/schutzdamm-vallatscha-kann-gebaut-werden\/#breadcrumb"},"inLanguage":"it-IT","potentialAction":[{"@type":"ReadAction","target":["https:\/\/www.madulain.ch\/schutzdamm-vallatscha-kann-gebaut-werden\/"]}]},{"@type":"ImageObject","inLanguage":"it-IT","@id":"https:\/\/www.madulain.ch\/schutzdamm-vallatscha-kann-gebaut-werden\/#primaryimage","url":"https:\/\/www.madulain.ch\/wp-content\/uploads\/2019\/10\/madulain_saal_gemeindeversammlung_2.jpg","contentUrl":"https:\/\/www.madulain.ch\/wp-content\/uploads\/2019\/10\/madulain_saal_gemeindeversammlung_2.jpg","width":1920,"height":1080},{"@type":"BreadcrumbList","@id":"https:\/\/www.madulain.ch\/schutzdamm-vallatscha-kann-gebaut-werden\/#breadcrumb","itemListElement":[{"@type":"ListItem","position":1,"name":"Madulain","item":"https:\/\/www.madulain.ch\/"},{"@type":"ListItem","position":2,"name":"Schutzdamm kann gebaut werden"}]},{"@type":"WebSite","@id":"https:\/\/www.madulain.ch\/#website","url":"https:\/\/www.madulain.ch\/","name":"Comune di Madulain","description":"Regione di Maloja, Engadina - St. Moritz","publisher":{"@id":"https:\/\/www.madulain.ch\/#organization"},"potentialAction":[{"@type":"SearchAction","target":{"@type":"EntryPoint","urlTemplate":"https:\/\/www.madulain.ch\/?s={search_term_string}"},"query-input":{"@type":"PropertyValueSpecification","valueRequired":true,"valueName":"search_term_string"}}],"inLanguage":"it-IT"},{"@type":"Organization","@id":"https:\/\/www.madulain.ch\/#organization","name":"Comune di Madulain","url":"https:\/\/www.madulain.ch\/","logo":{"@type":"ImageObject","inLanguage":"it-IT","@id":"https:\/\/www.madulain.ch\/#\/schema\/logo\/image\/","url":"https:\/\/www.madulain.ch\/wp-content\/uploads\/2019\/08\/madulain_logo_black.png","contentUrl":"https:\/\/www.madulain.ch\/wp-content\/uploads\/2019\/08\/madulain_logo_black.png","width":500,"height":129,"caption":"Gemeinde Madulain"},"image":{"@id":"https:\/\/www.madulain.ch\/#\/schema\/logo\/image\/"}},{"@type":"Person","@id":"https:\/\/www.madulain.ch\/#\/schema\/person\/c48448ed653cdecd2ff83f3a8ef8c105","name":"vengo AMMINISTRATORE","image":{"@type":"ImageObject","inLanguage":"it-IT","@id":"https:\/\/secure.gravatar.com\/avatar\/de38c1b4ba8f14334fc485bb4732a627551688a773ca6aa101bf28a73f595f7d?s=96&d=mm&r=g","url":"https:\/\/secure.gravatar.com\/avatar\/de38c1b4ba8f14334fc485bb4732a627551688a773ca6aa101bf28a73f595f7d?s=96&d=mm&r=g","contentUrl":"https:\/\/secure.gravatar.com\/avatar\/de38c1b4ba8f14334fc485bb4732a627551688a773ca6aa101bf28a73f595f7d?s=96&d=mm&r=g","caption":"vengo ADMIN"}}]}},"_links":{"self":[{"href":"https:\/\/www.madulain.ch\/it\/wp-json\/wp\/v2\/posts\/2957","targetHints":{"allow":["GET"]}}],"collection":[{"href":"https:\/\/www.madulain.ch\/it\/wp-json\/wp\/v2\/posts"}],"about":[{"href":"https:\/\/www.madulain.ch\/it\/wp-json\/wp\/v2\/types\/post"}],"author":[{"embeddable":true,"href":"https:\/\/www.madulain.ch\/it\/wp-json\/wp\/v2\/users\/2"}],"replies":[{"embeddable":true,"href":"https:\/\/www.madulain.ch\/it\/wp-json\/wp\/v2\/comments?post=2957"}],"version-history":[{"count":0,"href":"https:\/\/www.madulain.ch\/it\/wp-json\/wp\/v2\/posts\/2957\/revisions"}],"wp:featuredmedia":[{"embeddable":true,"href":"https:\/\/www.madulain.ch\/it\/wp-json\/wp\/v2\/media\/620"}],"wp:attachment":[{"href":"https:\/\/www.madulain.ch\/it\/wp-json\/wp\/v2\/media?parent=2957"}],"wp:term":[{"taxonomy":"category","embeddable":true,"href":"https:\/\/www.madulain.ch\/it\/wp-json\/wp\/v2\/categories?post=2957"},{"taxonomy":"post_tag","embeddable":true,"href":"https:\/\/www.madulain.ch\/it\/wp-json\/wp\/v2\/tags?post=2957"}],"curies":[{"name":"wp","href":"https:\/\/api.w.org\/{rel}","templated":true}]}}