{"id":3572,"date":"2020-03-27T08:26:31","date_gmt":"2020-03-27T07:26:31","guid":{"rendered":"https:\/\/www.madulain.ch\/?p=3572"},"modified":"2020-03-27T08:32:49","modified_gmt":"2020-03-27T07:32:49","slug":"regolazioni-nella-recapito-posta","status":"publish","type":"post","link":"https:\/\/www.madulain.ch\/it\/anpassungen-bei-der-postzustellung\/","title":{"rendered":"Adeguamenti alla consegna della posta"},"content":{"rendered":"<p>A causa di problemi di personale presso l&#039;ufficio postale, i tempi di consegna di lettere, pacchi e giornali non possono pi\u00f9 essere rispettati in ogni caso. Questo adeguamento si applicher\u00e0 da venerd\u00ec 27 marzo in Alta Engadina.<\/p>\n<p><strong>La formulazione delle informazioni della Posta Svizzera:<\/strong> <br>La Posta Svizzera vuole garantire servizi di base alla popolazione svizzera anche in tempi insoliti ed essere presente per i suoi clienti. Nonostante gli enormi sforzi dei dipendenti, la situazione dovuta al virus corona sta ora influenzando il funzionamento del Post. A causa di problemi di personale, dobbiamo adeguare a breve termine la frequenza di consegna in Engadina fino a nuovo avviso. Questo pu\u00f2 portare a ritardi in tutti i prodotti. Ci\u00f2 significa che i tempi di consegna di lettere, pacchi e giornali non possono pi\u00f9 essere rispettati in ogni caso. Questo adeguamento si applica da venerd\u00ec 27 marzo in Alta Engadina e da luned\u00ec 30 marzo in Bassa Engadina e valli meridionali.<br><br>In questo <a href=\"https:\/\/www.post.ch\/de\/pages\/corona\/ist-meine-poststelle-geschlossen\" target=\"_blank\" rel=\"noopener noreferrer\">elenco<\/a> Puoi anche scoprire quali filiali sono attualmente chiuse o hanno modificato i loro orari di apertura. I nostri servizi online sono sempre disponibili.<br><br>Grazie per la vostra comprensione nella difficile situazione in questo momento. Il nostro personale fa di tutto per servire i clienti nel miglior modo possibile.<\/p>","protected":false},"excerpt":{"rendered":"<p>Aufgrund von personellen Engp\u00e4ssen bei der Post k\u00f6nnen die Laufzeiten der Briefe, Pakete und Zeitungen nicht mehr in jedem Fall [&#8230;]<\/p>\n","protected":false},"author":2,"featured_media":3573,"comment_status":"closed","ping_status":"closed","sticky":false,"template":"","format":"standard","meta":{"_relevanssi_hide_post":"","_relevanssi_hide_content":"","_relevanssi_pin_for_all":"","_relevanssi_pin_keywords":"","_relevanssi_unpin_keywords":"","_relevanssi_related_keywords":"","_relevanssi_related_include_ids":"","_relevanssi_related_exclude_ids":"","_relevanssi_related_no_append":"","_relevanssi_related_not_related":"","_relevanssi_related_posts":"","_relevanssi_noindex_reason":"","site-sidebar-layout":"default","site-content-layout":"default","ast-site-content-layout":"default","site-content-style":"default","site-sidebar-style":"default","ast-global-header-display":"","ast-banner-title-visibility":"","ast-main-header-display":"","ast-hfb-above-header-display":"","ast-hfb-below-header-display":"","ast-hfb-mobile-header-display":"","site-post-title":"","ast-breadcrumbs-content":"","ast-featured-img":"","footer-sml-layout":"","ast-disable-related-posts":"","theme-transparent-header-meta":"default","adv-header-id-meta":"","stick-header-meta":"","header-above-stick-meta":"","header-main-stick-meta":"","header-below-stick-meta":"","astra-migrate-meta-layouts":"default","ast-page-background-enabled":"default","ast-page-background-meta":{"desktop":{"background-color":"","background-image":"","background-repeat":"repeat","background-position":"center center","background-size":"auto","background-attachment":"scroll","background-type":"","background-media":"","overlay-type":"","overlay-color":"","overlay-opacity":"","overlay-gradient":""},"tablet":{"background-color":"","background-image":"","background-repeat":"repeat","background-position":"center center","background-size":"auto","background-attachment":"scroll","background-type":"","background-media":"","overlay-type":"","overlay-color":"","overlay-opacity":"","overlay-gradient":""},"mobile":{"background-color":"","background-image":"","background-repeat":"repeat","background-position":"center center","background-size":"auto","background-attachment":"scroll","background-type":"","background-media":"","overlay-type":"","overlay-color":"","overlay-opacity":"","overlay-gradient":""}},"ast-content-background-meta":{"desktop":{"background-color":"var(--ast-global-color-5)","background-image":"","background-repeat":"repeat","background-position":"center center","background-size":"auto","background-attachment":"scroll","background-type":"","background-media":"","overlay-type":"","overlay-color":"","overlay-opacity":"","overlay-gradient":""},"tablet":{"background-color":"var(--ast-global-color-5)","background-image":"","background-repeat":"repeat","background-position":"center center","background-size":"auto","background-attachment":"scroll","background-type":"","background-media":"","overlay-type":"","overlay-color":"","overlay-opacity":"","overlay-gradient":""},"mobile":{"background-color":"var(--ast-global-color-5)","background-image":"","background-repeat":"repeat","background-position":"center center","background-size":"auto","background-attachment":"scroll","background-type":"","background-media":"","overlay-type":"","overlay-color":"","overlay-opacity":"","overlay-gradient":""}},"footnotes":""},"categories":[61],"tags":[],"class_list":["post-3572","post","type-post","status-publish","format-standard","has-post-thumbnail","hentry","category-coronavirus"],"yoast_head":"<!-- This site is optimized with the Yoast SEO plugin v27.4 - https:\/\/yoast.com\/product\/yoast-seo-wordpress\/ -->\n<title>Anpassungen bei der Postzustellung - Gemeinde Madulain<\/title>\n<meta name=\"robots\" content=\"index, follow, max-snippet:-1, max-image-preview:large, max-video-preview:-1\" \/>\n<link rel=\"canonical\" href=\"https:\/\/www.madulain.ch\/it\/regolazioni-nella-recapito-posta\/\" \/>\n<meta property=\"og:locale\" content=\"it_IT\" \/>\n<meta property=\"og:type\" content=\"article\" \/>\n<meta property=\"og:title\" content=\"Anpassungen bei der Postzustellung - Gemeinde Madulain\" \/>\n<meta property=\"og:description\" content=\"Aufgrund von personellen Engp\u00e4ssen bei der Post k\u00f6nnen die Laufzeiten der Briefe, Pakete und Zeitungen nicht mehr in jedem Fall [...]\" \/>\n<meta property=\"og:url\" content=\"https:\/\/www.madulain.ch\/it\/regolazioni-nella-recapito-posta\/\" \/>\n<meta property=\"og:site_name\" content=\"Gemeinde Madulain\" \/>\n<meta property=\"article:published_time\" content=\"2020-03-27T07:26:31+00:00\" \/>\n<meta property=\"article:modified_time\" content=\"2020-03-27T07:32:49+00:00\" \/>\n<meta property=\"og:image\" content=\"https:\/\/www.madulain.ch\/wp-content\/uploads\/2020\/03\/post-zustellung.jpg\" \/>\n\t<meta property=\"og:image:width\" content=\"1440\" \/>\n\t<meta property=\"og:image:height\" content=\"810\" \/>\n\t<meta property=\"og:image:type\" content=\"image\/jpeg\" \/>\n<meta name=\"author\" content=\"vengo ADMIN\" \/>\n<meta name=\"twitter:card\" content=\"summary_large_image\" \/>\n<meta name=\"twitter:label1\" content=\"Scritto da\" \/>\n\t<meta name=\"twitter:data1\" content=\"vengo ADMIN\" \/>\n\t<meta name=\"twitter:label2\" content=\"Tempo di lettura stimato\" \/>\n\t<meta name=\"twitter:data2\" content=\"1 minuto\" \/>\n<script type=\"application\/ld+json\" class=\"yoast-schema-graph\">{\"@context\":\"https:\\\/\\\/schema.org\",\"@graph\":[{\"@type\":\"Article\",\"@id\":\"https:\\\/\\\/www.madulain.ch\\\/anpassungen-bei-der-postzustellung\\\/#article\",\"isPartOf\":{\"@id\":\"https:\\\/\\\/www.madulain.ch\\\/anpassungen-bei-der-postzustellung\\\/\"},\"author\":{\"name\":\"vengo ADMIN\",\"@id\":\"https:\\\/\\\/www.madulain.ch\\\/#\\\/schema\\\/person\\\/c48448ed653cdecd2ff83f3a8ef8c105\"},\"headline\":\"Anpassungen bei der Postzustellung\",\"datePublished\":\"2020-03-27T07:26:31+00:00\",\"dateModified\":\"2020-03-27T07:32:49+00:00\",\"mainEntityOfPage\":{\"@id\":\"https:\\\/\\\/www.madulain.ch\\\/anpassungen-bei-der-postzustellung\\\/\"},\"wordCount\":203,\"publisher\":{\"@id\":\"https:\\\/\\\/www.madulain.ch\\\/#organization\"},\"image\":{\"@id\":\"https:\\\/\\\/www.madulain.ch\\\/anpassungen-bei-der-postzustellung\\\/#primaryimage\"},\"thumbnailUrl\":\"https:\\\/\\\/www.madulain.ch\\\/wp-content\\\/uploads\\\/2020\\\/03\\\/post-zustellung.jpg\",\"articleSection\":[\"Coronavirus\"],\"inLanguage\":\"it-IT\"},{\"@type\":\"WebPage\",\"@id\":\"https:\\\/\\\/www.madulain.ch\\\/anpassungen-bei-der-postzustellung\\\/\",\"url\":\"https:\\\/\\\/www.madulain.ch\\\/anpassungen-bei-der-postzustellung\\\/\",\"name\":\"Anpassungen bei der Postzustellung - Gemeinde Madulain\",\"isPartOf\":{\"@id\":\"https:\\\/\\\/www.madulain.ch\\\/#website\"},\"primaryImageOfPage\":{\"@id\":\"https:\\\/\\\/www.madulain.ch\\\/anpassungen-bei-der-postzustellung\\\/#primaryimage\"},\"image\":{\"@id\":\"https:\\\/\\\/www.madulain.ch\\\/anpassungen-bei-der-postzustellung\\\/#primaryimage\"},\"thumbnailUrl\":\"https:\\\/\\\/www.madulain.ch\\\/wp-content\\\/uploads\\\/2020\\\/03\\\/post-zustellung.jpg\",\"datePublished\":\"2020-03-27T07:26:31+00:00\",\"dateModified\":\"2020-03-27T07:32:49+00:00\",\"breadcrumb\":{\"@id\":\"https:\\\/\\\/www.madulain.ch\\\/anpassungen-bei-der-postzustellung\\\/#breadcrumb\"},\"inLanguage\":\"it-IT\",\"potentialAction\":[{\"@type\":\"ReadAction\",\"target\":[\"https:\\\/\\\/www.madulain.ch\\\/anpassungen-bei-der-postzustellung\\\/\"]}]},{\"@type\":\"ImageObject\",\"inLanguage\":\"it-IT\",\"@id\":\"https:\\\/\\\/www.madulain.ch\\\/anpassungen-bei-der-postzustellung\\\/#primaryimage\",\"url\":\"https:\\\/\\\/www.madulain.ch\\\/wp-content\\\/uploads\\\/2020\\\/03\\\/post-zustellung.jpg\",\"contentUrl\":\"https:\\\/\\\/www.madulain.ch\\\/wp-content\\\/uploads\\\/2020\\\/03\\\/post-zustellung.jpg\",\"width\":1440,\"height\":810},{\"@type\":\"BreadcrumbList\",\"@id\":\"https:\\\/\\\/www.madulain.ch\\\/anpassungen-bei-der-postzustellung\\\/#breadcrumb\",\"itemListElement\":[{\"@type\":\"ListItem\",\"position\":1,\"name\":\"Madulain\",\"item\":\"https:\\\/\\\/www.madulain.ch\\\/\"},{\"@type\":\"ListItem\",\"position\":2,\"name\":\"Anpassungen bei der Postzustellung\"}]},{\"@type\":\"WebSite\",\"@id\":\"https:\\\/\\\/www.madulain.ch\\\/#website\",\"url\":\"https:\\\/\\\/www.madulain.ch\\\/\",\"name\":\"Gemeinde Madulain\",\"description\":\"Region Maloja, Engadin - St. Moritz\",\"publisher\":{\"@id\":\"https:\\\/\\\/www.madulain.ch\\\/#organization\"},\"potentialAction\":[{\"@type\":\"SearchAction\",\"target\":{\"@type\":\"EntryPoint\",\"urlTemplate\":\"https:\\\/\\\/www.madulain.ch\\\/?s={search_term_string}\"},\"query-input\":{\"@type\":\"PropertyValueSpecification\",\"valueRequired\":true,\"valueName\":\"search_term_string\"}}],\"inLanguage\":\"it-IT\"},{\"@type\":\"Organization\",\"@id\":\"https:\\\/\\\/www.madulain.ch\\\/#organization\",\"name\":\"Gemeinde Madulain\",\"url\":\"https:\\\/\\\/www.madulain.ch\\\/\",\"logo\":{\"@type\":\"ImageObject\",\"inLanguage\":\"it-IT\",\"@id\":\"https:\\\/\\\/www.madulain.ch\\\/#\\\/schema\\\/logo\\\/image\\\/\",\"url\":\"https:\\\/\\\/www.madulain.ch\\\/wp-content\\\/uploads\\\/2019\\\/08\\\/madulain_logo_black.png\",\"contentUrl\":\"https:\\\/\\\/www.madulain.ch\\\/wp-content\\\/uploads\\\/2019\\\/08\\\/madulain_logo_black.png\",\"width\":500,\"height\":129,\"caption\":\"Gemeinde Madulain\"},\"image\":{\"@id\":\"https:\\\/\\\/www.madulain.ch\\\/#\\\/schema\\\/logo\\\/image\\\/\"}},{\"@type\":\"Person\",\"@id\":\"https:\\\/\\\/www.madulain.ch\\\/#\\\/schema\\\/person\\\/c48448ed653cdecd2ff83f3a8ef8c105\",\"name\":\"vengo ADMIN\",\"image\":{\"@type\":\"ImageObject\",\"inLanguage\":\"it-IT\",\"@id\":\"https:\\\/\\\/secure.gravatar.com\\\/avatar\\\/de38c1b4ba8f14334fc485bb4732a627551688a773ca6aa101bf28a73f595f7d?s=96&d=mm&r=g\",\"url\":\"https:\\\/\\\/secure.gravatar.com\\\/avatar\\\/de38c1b4ba8f14334fc485bb4732a627551688a773ca6aa101bf28a73f595f7d?s=96&d=mm&r=g\",\"contentUrl\":\"https:\\\/\\\/secure.gravatar.com\\\/avatar\\\/de38c1b4ba8f14334fc485bb4732a627551688a773ca6aa101bf28a73f595f7d?s=96&d=mm&r=g\",\"caption\":\"vengo ADMIN\"}}]}<\/script>\n<!-- \/ Yoast SEO plugin. -->","yoast_head_json":{"title":"Adeguamenti alla consegna della posta - Comune di Madulain","robots":{"index":"index","follow":"follow","max-snippet":"max-snippet:-1","max-image-preview":"max-image-preview:large","max-video-preview":"max-video-preview:-1"},"canonical":"https:\/\/www.madulain.ch\/it\/regolazioni-nella-recapito-posta\/","og_locale":"it_IT","og_type":"article","og_title":"Anpassungen bei der Postzustellung - Gemeinde Madulain","og_description":"Aufgrund von personellen Engp\u00e4ssen bei der Post k\u00f6nnen die Laufzeiten der Briefe, Pakete und Zeitungen nicht mehr in jedem Fall [...]","og_url":"https:\/\/www.madulain.ch\/it\/regolazioni-nella-recapito-posta\/","og_site_name":"Gemeinde Madulain","article_published_time":"2020-03-27T07:26:31+00:00","article_modified_time":"2020-03-27T07:32:49+00:00","og_image":[{"width":1440,"height":810,"url":"https:\/\/www.madulain.ch\/wp-content\/uploads\/2020\/03\/post-zustellung.jpg","type":"image\/jpeg"}],"author":"vengo ADMIN","twitter_card":"summary_large_image","twitter_misc":{"Scritto da":"vengo ADMIN","Tempo di lettura stimato":"1 minuto"},"schema":{"@context":"https:\/\/schema.org","@graph":[{"@type":"Article","@id":"https:\/\/www.madulain.ch\/anpassungen-bei-der-postzustellung\/#article","isPartOf":{"@id":"https:\/\/www.madulain.ch\/anpassungen-bei-der-postzustellung\/"},"author":{"name":"vengo ADMIN","@id":"https:\/\/www.madulain.ch\/#\/schema\/person\/c48448ed653cdecd2ff83f3a8ef8c105"},"headline":"Anpassungen bei der Postzustellung","datePublished":"2020-03-27T07:26:31+00:00","dateModified":"2020-03-27T07:32:49+00:00","mainEntityOfPage":{"@id":"https:\/\/www.madulain.ch\/anpassungen-bei-der-postzustellung\/"},"wordCount":203,"publisher":{"@id":"https:\/\/www.madulain.ch\/#organization"},"image":{"@id":"https:\/\/www.madulain.ch\/anpassungen-bei-der-postzustellung\/#primaryimage"},"thumbnailUrl":"https:\/\/www.madulain.ch\/wp-content\/uploads\/2020\/03\/post-zustellung.jpg","articleSection":["Coronavirus"],"inLanguage":"it-IT"},{"@type":"WebPage","@id":"https:\/\/www.madulain.ch\/anpassungen-bei-der-postzustellung\/","url":"https:\/\/www.madulain.ch\/anpassungen-bei-der-postzustellung\/","name":"Adeguamenti alla consegna della posta - Comune di Madulain","isPartOf":{"@id":"https:\/\/www.madulain.ch\/#website"},"primaryImageOfPage":{"@id":"https:\/\/www.madulain.ch\/anpassungen-bei-der-postzustellung\/#primaryimage"},"image":{"@id":"https:\/\/www.madulain.ch\/anpassungen-bei-der-postzustellung\/#primaryimage"},"thumbnailUrl":"https:\/\/www.madulain.ch\/wp-content\/uploads\/2020\/03\/post-zustellung.jpg","datePublished":"2020-03-27T07:26:31+00:00","dateModified":"2020-03-27T07:32:49+00:00","breadcrumb":{"@id":"https:\/\/www.madulain.ch\/anpassungen-bei-der-postzustellung\/#breadcrumb"},"inLanguage":"it-IT","potentialAction":[{"@type":"ReadAction","target":["https:\/\/www.madulain.ch\/anpassungen-bei-der-postzustellung\/"]}]},{"@type":"ImageObject","inLanguage":"it-IT","@id":"https:\/\/www.madulain.ch\/anpassungen-bei-der-postzustellung\/#primaryimage","url":"https:\/\/www.madulain.ch\/wp-content\/uploads\/2020\/03\/post-zustellung.jpg","contentUrl":"https:\/\/www.madulain.ch\/wp-content\/uploads\/2020\/03\/post-zustellung.jpg","width":1440,"height":810},{"@type":"BreadcrumbList","@id":"https:\/\/www.madulain.ch\/anpassungen-bei-der-postzustellung\/#breadcrumb","itemListElement":[{"@type":"ListItem","position":1,"name":"Madulain","item":"https:\/\/www.madulain.ch\/"},{"@type":"ListItem","position":2,"name":"Anpassungen bei der Postzustellung"}]},{"@type":"WebSite","@id":"https:\/\/www.madulain.ch\/#website","url":"https:\/\/www.madulain.ch\/","name":"Comune di Madulain","description":"Regione di Maloja, Engadina - St. Moritz","publisher":{"@id":"https:\/\/www.madulain.ch\/#organization"},"potentialAction":[{"@type":"SearchAction","target":{"@type":"EntryPoint","urlTemplate":"https:\/\/www.madulain.ch\/?s={search_term_string}"},"query-input":{"@type":"PropertyValueSpecification","valueRequired":true,"valueName":"search_term_string"}}],"inLanguage":"it-IT"},{"@type":"Organization","@id":"https:\/\/www.madulain.ch\/#organization","name":"Comune di Madulain","url":"https:\/\/www.madulain.ch\/","logo":{"@type":"ImageObject","inLanguage":"it-IT","@id":"https:\/\/www.madulain.ch\/#\/schema\/logo\/image\/","url":"https:\/\/www.madulain.ch\/wp-content\/uploads\/2019\/08\/madulain_logo_black.png","contentUrl":"https:\/\/www.madulain.ch\/wp-content\/uploads\/2019\/08\/madulain_logo_black.png","width":500,"height":129,"caption":"Gemeinde Madulain"},"image":{"@id":"https:\/\/www.madulain.ch\/#\/schema\/logo\/image\/"}},{"@type":"Person","@id":"https:\/\/www.madulain.ch\/#\/schema\/person\/c48448ed653cdecd2ff83f3a8ef8c105","name":"vengo AMMINISTRATORE","image":{"@type":"ImageObject","inLanguage":"it-IT","@id":"https:\/\/secure.gravatar.com\/avatar\/de38c1b4ba8f14334fc485bb4732a627551688a773ca6aa101bf28a73f595f7d?s=96&d=mm&r=g","url":"https:\/\/secure.gravatar.com\/avatar\/de38c1b4ba8f14334fc485bb4732a627551688a773ca6aa101bf28a73f595f7d?s=96&d=mm&r=g","contentUrl":"https:\/\/secure.gravatar.com\/avatar\/de38c1b4ba8f14334fc485bb4732a627551688a773ca6aa101bf28a73f595f7d?s=96&d=mm&r=g","caption":"vengo ADMIN"}}]}},"_links":{"self":[{"href":"https:\/\/www.madulain.ch\/it\/wp-json\/wp\/v2\/posts\/3572","targetHints":{"allow":["GET"]}}],"collection":[{"href":"https:\/\/www.madulain.ch\/it\/wp-json\/wp\/v2\/posts"}],"about":[{"href":"https:\/\/www.madulain.ch\/it\/wp-json\/wp\/v2\/types\/post"}],"author":[{"embeddable":true,"href":"https:\/\/www.madulain.ch\/it\/wp-json\/wp\/v2\/users\/2"}],"replies":[{"embeddable":true,"href":"https:\/\/www.madulain.ch\/it\/wp-json\/wp\/v2\/comments?post=3572"}],"version-history":[{"count":0,"href":"https:\/\/www.madulain.ch\/it\/wp-json\/wp\/v2\/posts\/3572\/revisions"}],"wp:featuredmedia":[{"embeddable":true,"href":"https:\/\/www.madulain.ch\/it\/wp-json\/wp\/v2\/media\/3573"}],"wp:attachment":[{"href":"https:\/\/www.madulain.ch\/it\/wp-json\/wp\/v2\/media?parent=3572"}],"wp:term":[{"taxonomy":"category","embeddable":true,"href":"https:\/\/www.madulain.ch\/it\/wp-json\/wp\/v2\/categories?post=3572"},{"taxonomy":"post_tag","embeddable":true,"href":"https:\/\/www.madulain.ch\/it\/wp-json\/wp\/v2\/tags?post=3572"}],"curies":[{"name":"wp","href":"https:\/\/api.w.org\/{rel}","templated":true}]}}