{"id":3645,"date":"2020-04-09T08:04:34","date_gmt":"2020-04-09T07:04:34","guid":{"rendered":"https:\/\/www.madulain.ch\/?p=3645"},"modified":"2021-02-12T03:57:03","modified_gmt":"2021-02-12T01:57:03","slug":"madulainachesa-uno-straordinario-diario-di-paese","status":"publish","type":"post","link":"https:\/\/www.madulain.ch\/it\/madulainachesa-ein-aussergewo%cc%88hnliches-dorf-tagebuch\/","title":{"rendered":"#madulainachesa - uno straordinario diario del villaggio"},"content":{"rendered":"<p><strong>Vorremmo registrare in un \u201cdiario del villaggio\u201d come Madulain sta vivendo l&#039;attuale stato di emergenza. Tutti possono partecipare e postare<a href=\"https:\/\/www.madulain.ch\/leben-in-madulain\/madulainachesa\/\"> #madulainachesa<\/a>&nbsp;Condividere.<\/strong><br><br>C&#039;\u00e8 lo stato di emergenza. La nostra libert\u00e0 di movimento \u00e8 severamente limitata e la nostra vita quotidiana \u00e8 cambiata da un giorno all&#039;altro. Ci sentiamo tutti uguali, eppure ognuno la vede in modo diverso. Vorremmo registrare come vivi questo momento straordinario in un &quot;diario del villaggio&quot;. La gente del posto e gli ospiti sono gentilmente invitati a contribuire a questo straordinario diario. In questo modo vogliamo sostenerci, incoraggiarci e divertirci a vicenda. <br><br><strong>Come posso partecipare?<\/strong><br>I tuoi contributi consistono in <strong>Fotografie<\/strong>, corto <strong>Film<\/strong> cos\u00ec come da <strong>testi<\/strong> e commenti. L&#039;idea \u00e8 quella di catturare l&#039;attuale stato di emergenza con un pensiero personale o un consiglio generale, proprio come lo vivi a Madulain. <br><br><strong>Come posso condividere i post?<\/strong><br>attraverso <a href=\"https:\/\/www.instagram.com\/explore\/tags\/madulainachesa\/\">Instagram<\/a> con l&#039;hashtag: <strong>#madulainachesa<\/strong> <br><br>(o per chi non \u00e8 Instagram)<br>Via Posta Elettronica: <a href=\"mailto:madulainachesa@gmx.ch\">madulainachesa@gmx.ch<\/a> <br>tramite WhatsApp: <a href=\"tel:+41794755229\">079 475 52 29<\/a> <br><br>I contributi sono in corso <a href=\"https:\/\/www.madulain.ch\/leben-in-madulain\/madulainachesa\/\">www.madulain.ch<\/a> visualizzato e poi compilato. E quando tutto sar\u00e0 finito, festeggeremo insieme, ci fermeremo un momento e guarderemo insieme questa speciale &quot;cronaca del villaggio&quot;.<\/p>\n\n\n\n<h3 class=\"wp-block-heading\"><strong>Volantino per la campagna #madulainachesa&nbsp;<\/strong><\/h3>\n\n\n<a href=\"https:\/\/www.madulain.ch\/wp-content\/uploads\/2020\/04\/madulainachesa-Flyer.pdf\" class=\"pdfemb-viewer\" style=\"width: 300px; \" data-width=\"300\" data-height=\"max\" data-mobile-width=\"500\"  data-scrollbar=\"vertical\" data-download=\"on\" data-tracking=\"on\" data-newwindow=\"on\" data-pagetextbox=\"off\" data-scrolltotop=\"off\" data-startzoom=\"100\" data-startfpzoom=\"100\" data-toolbar=\"top\" data-toolbar-fixed=\"on\">volantino madulainachesa<br\/><\/a>\n<p class=\"wp-block-pdfemb-pdf-embedder-viewer\"><\/p>\n\n\n\t\t<div id=\"sbi_mod_error\" >\n\t\t\t<span>Questo messaggio di errore \u00e8 visibile solo agli amministratori di WordPress<\/span><br\/>\n\t\t\t<p><strong>Errore: nessun account connesso.<\/strong>\n\t\t\t<p>Per collegare un account, vai alla pagina delle impostazioni del feed di Instagram.<\/p>\n\t\t<\/div>","protected":false},"excerpt":{"rendered":"<p>Wie Madulain den derzeitigen Ausnahmezustand erlebt, mo\u0308chten wir gerne in einem \u201cDorf-Tagebuch\u201d festhalten. Alle k\u00f6nnen mitmachen und Beitr\u00e4ge unter #madulainachesa&nbsp;teilen.<\/p>\n<p>Es [&#8230;]<\/p>\n","protected":false},"author":2,"featured_media":3648,"comment_status":"closed","ping_status":"closed","sticky":false,"template":"","format":"standard","meta":{"_relevanssi_hide_post":"","_relevanssi_hide_content":"","_relevanssi_pin_for_all":"","_relevanssi_pin_keywords":"","_relevanssi_unpin_keywords":"","_relevanssi_related_keywords":"","_relevanssi_related_include_ids":"","_relevanssi_related_exclude_ids":"","_relevanssi_related_no_append":"","_relevanssi_related_not_related":"","_relevanssi_related_posts":"","_relevanssi_noindex_reason":"","site-sidebar-layout":"default","site-content-layout":"default","ast-site-content-layout":"default","site-content-style":"default","site-sidebar-style":"default","ast-global-header-display":"","ast-banner-title-visibility":"","ast-main-header-display":"","ast-hfb-above-header-display":"","ast-hfb-below-header-display":"","ast-hfb-mobile-header-display":"","site-post-title":"","ast-breadcrumbs-content":"","ast-featured-img":"","footer-sml-layout":"","ast-disable-related-posts":"","theme-transparent-header-meta":"default","adv-header-id-meta":"","stick-header-meta":"","header-above-stick-meta":"","header-main-stick-meta":"","header-below-stick-meta":"","astra-migrate-meta-layouts":"default","ast-page-background-enabled":"default","ast-page-background-meta":{"desktop":{"background-color":"","background-image":"","background-repeat":"repeat","background-position":"center center","background-size":"auto","background-attachment":"scroll","background-type":"","background-media":"","overlay-type":"","overlay-color":"","overlay-opacity":"","overlay-gradient":""},"tablet":{"background-color":"","background-image":"","background-repeat":"repeat","background-position":"center center","background-size":"auto","background-attachment":"scroll","background-type":"","background-media":"","overlay-type":"","overlay-color":"","overlay-opacity":"","overlay-gradient":""},"mobile":{"background-color":"","background-image":"","background-repeat":"repeat","background-position":"center center","background-size":"auto","background-attachment":"scroll","background-type":"","background-media":"","overlay-type":"","overlay-color":"","overlay-opacity":"","overlay-gradient":""}},"ast-content-background-meta":{"desktop":{"background-color":"var(--ast-global-color-5)","background-image":"","background-repeat":"repeat","background-position":"center center","background-size":"auto","background-attachment":"scroll","background-type":"","background-media":"","overlay-type":"","overlay-color":"","overlay-opacity":"","overlay-gradient":""},"tablet":{"background-color":"var(--ast-global-color-5)","background-image":"","background-repeat":"repeat","background-position":"center center","background-size":"auto","background-attachment":"scroll","background-type":"","background-media":"","overlay-type":"","overlay-color":"","overlay-opacity":"","overlay-gradient":""},"mobile":{"background-color":"var(--ast-global-color-5)","background-image":"","background-repeat":"repeat","background-position":"center center","background-size":"auto","background-attachment":"scroll","background-type":"","background-media":"","overlay-type":"","overlay-color":"","overlay-opacity":"","overlay-gradient":""}},"footnotes":""},"categories":[61],"tags":[],"class_list":["post-3645","post","type-post","status-publish","format-standard","has-post-thumbnail","hentry","category-coronavirus"],"yoast_head":"<!-- This site is optimized with the Yoast SEO plugin v27.4 - https:\/\/yoast.com\/product\/yoast-seo-wordpress\/ -->\n<title>#madulainachesa \u2013 ein aussergewo\u0308hnliches Dorf-Tagebuch - Gemeinde Madulain<\/title>\n<meta name=\"robots\" content=\"index, follow, max-snippet:-1, max-image-preview:large, max-video-preview:-1\" \/>\n<link rel=\"canonical\" href=\"https:\/\/www.madulain.ch\/it\/madulainachesa-uno-straordinario-diario-di-paese\/\" \/>\n<meta property=\"og:locale\" content=\"it_IT\" \/>\n<meta property=\"og:type\" content=\"article\" \/>\n<meta property=\"og:title\" content=\"#madulainachesa \u2013 ein aussergewo\u0308hnliches Dorf-Tagebuch - Gemeinde Madulain\" \/>\n<meta property=\"og:description\" content=\"Wie Madulain den derzeitigen Ausnahmezustand erlebt, mo\u0308chten wir gerne in einem \u201cDorf-Tagebuch\u201d festhalten. Alle k\u00f6nnen mitmachen und Beitr\u00e4ge unter #madulainachesa&nbsp;teilen.Es [...]\" \/>\n<meta property=\"og:url\" content=\"https:\/\/www.madulain.ch\/it\/madulainachesa-uno-straordinario-diario-di-paese\/\" \/>\n<meta property=\"og:site_name\" content=\"Gemeinde Madulain\" \/>\n<meta property=\"article:published_time\" content=\"2020-04-09T07:04:34+00:00\" \/>\n<meta property=\"article:modified_time\" content=\"2021-02-12T01:57:03+00:00\" \/>\n<meta property=\"og:image\" content=\"https:\/\/www.madulain.ch\/wp-content\/uploads\/2020\/04\/madulain_tuere.jpg\" \/>\n\t<meta property=\"og:image:width\" content=\"1440\" \/>\n\t<meta property=\"og:image:height\" content=\"810\" \/>\n\t<meta property=\"og:image:type\" content=\"image\/jpeg\" \/>\n<meta name=\"author\" content=\"vengo ADMIN\" \/>\n<meta name=\"twitter:card\" content=\"summary_large_image\" \/>\n<meta name=\"twitter:label1\" content=\"Scritto da\" \/>\n\t<meta name=\"twitter:data1\" content=\"vengo ADMIN\" \/>\n\t<meta name=\"twitter:label2\" content=\"Tempo di lettura stimato\" \/>\n\t<meta name=\"twitter:data2\" content=\"1 minuto\" \/>\n<script type=\"application\/ld+json\" class=\"yoast-schema-graph\">{\"@context\":\"https:\\\/\\\/schema.org\",\"@graph\":[{\"@type\":\"Article\",\"@id\":\"https:\\\/\\\/www.madulain.ch\\\/madulainachesa-ein-aussergewo%cc%88hnliches-dorf-tagebuch\\\/#article\",\"isPartOf\":{\"@id\":\"https:\\\/\\\/www.madulain.ch\\\/madulainachesa-ein-aussergewo%cc%88hnliches-dorf-tagebuch\\\/\"},\"author\":{\"name\":\"vengo ADMIN\",\"@id\":\"https:\\\/\\\/www.madulain.ch\\\/#\\\/schema\\\/person\\\/c48448ed653cdecd2ff83f3a8ef8c105\"},\"headline\":\"#madulainachesa \u2013 ein aussergewo\u0308hnliches Dorf-Tagebuch\",\"datePublished\":\"2020-04-09T07:04:34+00:00\",\"dateModified\":\"2021-02-12T01:57:03+00:00\",\"mainEntityOfPage\":{\"@id\":\"https:\\\/\\\/www.madulain.ch\\\/madulainachesa-ein-aussergewo%cc%88hnliches-dorf-tagebuch\\\/\"},\"wordCount\":216,\"publisher\":{\"@id\":\"https:\\\/\\\/www.madulain.ch\\\/#organization\"},\"image\":{\"@id\":\"https:\\\/\\\/www.madulain.ch\\\/madulainachesa-ein-aussergewo%cc%88hnliches-dorf-tagebuch\\\/#primaryimage\"},\"thumbnailUrl\":\"https:\\\/\\\/www.madulain.ch\\\/wp-content\\\/uploads\\\/2020\\\/04\\\/madulain_tuere.jpg\",\"articleSection\":[\"Coronavirus\"],\"inLanguage\":\"it-IT\"},{\"@type\":\"WebPage\",\"@id\":\"https:\\\/\\\/www.madulain.ch\\\/madulainachesa-ein-aussergewo%cc%88hnliches-dorf-tagebuch\\\/\",\"url\":\"https:\\\/\\\/www.madulain.ch\\\/madulainachesa-ein-aussergewo%cc%88hnliches-dorf-tagebuch\\\/\",\"name\":\"#madulainachesa \u2013 ein aussergewo\u0308hnliches Dorf-Tagebuch - Gemeinde Madulain\",\"isPartOf\":{\"@id\":\"https:\\\/\\\/www.madulain.ch\\\/#website\"},\"primaryImageOfPage\":{\"@id\":\"https:\\\/\\\/www.madulain.ch\\\/madulainachesa-ein-aussergewo%cc%88hnliches-dorf-tagebuch\\\/#primaryimage\"},\"image\":{\"@id\":\"https:\\\/\\\/www.madulain.ch\\\/madulainachesa-ein-aussergewo%cc%88hnliches-dorf-tagebuch\\\/#primaryimage\"},\"thumbnailUrl\":\"https:\\\/\\\/www.madulain.ch\\\/wp-content\\\/uploads\\\/2020\\\/04\\\/madulain_tuere.jpg\",\"datePublished\":\"2020-04-09T07:04:34+00:00\",\"dateModified\":\"2021-02-12T01:57:03+00:00\",\"breadcrumb\":{\"@id\":\"https:\\\/\\\/www.madulain.ch\\\/madulainachesa-ein-aussergewo%cc%88hnliches-dorf-tagebuch\\\/#breadcrumb\"},\"inLanguage\":\"it-IT\",\"potentialAction\":[{\"@type\":\"ReadAction\",\"target\":[\"https:\\\/\\\/www.madulain.ch\\\/madulainachesa-ein-aussergewo%cc%88hnliches-dorf-tagebuch\\\/\"]}]},{\"@type\":\"ImageObject\",\"inLanguage\":\"it-IT\",\"@id\":\"https:\\\/\\\/www.madulain.ch\\\/madulainachesa-ein-aussergewo%cc%88hnliches-dorf-tagebuch\\\/#primaryimage\",\"url\":\"https:\\\/\\\/www.madulain.ch\\\/wp-content\\\/uploads\\\/2020\\\/04\\\/madulain_tuere.jpg\",\"contentUrl\":\"https:\\\/\\\/www.madulain.ch\\\/wp-content\\\/uploads\\\/2020\\\/04\\\/madulain_tuere.jpg\",\"width\":1440,\"height\":810},{\"@type\":\"BreadcrumbList\",\"@id\":\"https:\\\/\\\/www.madulain.ch\\\/madulainachesa-ein-aussergewo%cc%88hnliches-dorf-tagebuch\\\/#breadcrumb\",\"itemListElement\":[{\"@type\":\"ListItem\",\"position\":1,\"name\":\"Madulain\",\"item\":\"https:\\\/\\\/www.madulain.ch\\\/\"},{\"@type\":\"ListItem\",\"position\":2,\"name\":\"#madulainachesa \u2013 ein aussergewo\u0308hnliches Dorf-Tagebuch\"}]},{\"@type\":\"WebSite\",\"@id\":\"https:\\\/\\\/www.madulain.ch\\\/#website\",\"url\":\"https:\\\/\\\/www.madulain.ch\\\/\",\"name\":\"Gemeinde Madulain\",\"description\":\"Region Maloja, Engadin - St. Moritz\",\"publisher\":{\"@id\":\"https:\\\/\\\/www.madulain.ch\\\/#organization\"},\"potentialAction\":[{\"@type\":\"SearchAction\",\"target\":{\"@type\":\"EntryPoint\",\"urlTemplate\":\"https:\\\/\\\/www.madulain.ch\\\/?s={search_term_string}\"},\"query-input\":{\"@type\":\"PropertyValueSpecification\",\"valueRequired\":true,\"valueName\":\"search_term_string\"}}],\"inLanguage\":\"it-IT\"},{\"@type\":\"Organization\",\"@id\":\"https:\\\/\\\/www.madulain.ch\\\/#organization\",\"name\":\"Gemeinde Madulain\",\"url\":\"https:\\\/\\\/www.madulain.ch\\\/\",\"logo\":{\"@type\":\"ImageObject\",\"inLanguage\":\"it-IT\",\"@id\":\"https:\\\/\\\/www.madulain.ch\\\/#\\\/schema\\\/logo\\\/image\\\/\",\"url\":\"https:\\\/\\\/www.madulain.ch\\\/wp-content\\\/uploads\\\/2019\\\/08\\\/madulain_logo_black.png\",\"contentUrl\":\"https:\\\/\\\/www.madulain.ch\\\/wp-content\\\/uploads\\\/2019\\\/08\\\/madulain_logo_black.png\",\"width\":500,\"height\":129,\"caption\":\"Gemeinde Madulain\"},\"image\":{\"@id\":\"https:\\\/\\\/www.madulain.ch\\\/#\\\/schema\\\/logo\\\/image\\\/\"}},{\"@type\":\"Person\",\"@id\":\"https:\\\/\\\/www.madulain.ch\\\/#\\\/schema\\\/person\\\/c48448ed653cdecd2ff83f3a8ef8c105\",\"name\":\"vengo ADMIN\",\"image\":{\"@type\":\"ImageObject\",\"inLanguage\":\"it-IT\",\"@id\":\"https:\\\/\\\/secure.gravatar.com\\\/avatar\\\/de38c1b4ba8f14334fc485bb4732a627551688a773ca6aa101bf28a73f595f7d?s=96&d=mm&r=g\",\"url\":\"https:\\\/\\\/secure.gravatar.com\\\/avatar\\\/de38c1b4ba8f14334fc485bb4732a627551688a773ca6aa101bf28a73f595f7d?s=96&d=mm&r=g\",\"contentUrl\":\"https:\\\/\\\/secure.gravatar.com\\\/avatar\\\/de38c1b4ba8f14334fc485bb4732a627551688a773ca6aa101bf28a73f595f7d?s=96&d=mm&r=g\",\"caption\":\"vengo ADMIN\"}}]}<\/script>\n<!-- \/ Yoast SEO plugin. -->","yoast_head_json":{"title":"#madulainachesa - uno straordinario diario di villaggio - Comune di Madulain","robots":{"index":"index","follow":"follow","max-snippet":"max-snippet:-1","max-image-preview":"max-image-preview:large","max-video-preview":"max-video-preview:-1"},"canonical":"https:\/\/www.madulain.ch\/it\/madulainachesa-uno-straordinario-diario-di-paese\/","og_locale":"it_IT","og_type":"article","og_title":"#madulainachesa \u2013 ein aussergewo\u0308hnliches Dorf-Tagebuch - Gemeinde Madulain","og_description":"Wie Madulain den derzeitigen Ausnahmezustand erlebt, mo\u0308chten wir gerne in einem \u201cDorf-Tagebuch\u201d festhalten. Alle k\u00f6nnen mitmachen und Beitr\u00e4ge unter #madulainachesa&nbsp;teilen.Es [...]","og_url":"https:\/\/www.madulain.ch\/it\/madulainachesa-uno-straordinario-diario-di-paese\/","og_site_name":"Gemeinde Madulain","article_published_time":"2020-04-09T07:04:34+00:00","article_modified_time":"2021-02-12T01:57:03+00:00","og_image":[{"width":1440,"height":810,"url":"https:\/\/www.madulain.ch\/wp-content\/uploads\/2020\/04\/madulain_tuere.jpg","type":"image\/jpeg"}],"author":"vengo ADMIN","twitter_card":"summary_large_image","twitter_misc":{"Scritto da":"vengo ADMIN","Tempo di lettura stimato":"1 minuto"},"schema":{"@context":"https:\/\/schema.org","@graph":[{"@type":"Article","@id":"https:\/\/www.madulain.ch\/madulainachesa-ein-aussergewo%cc%88hnliches-dorf-tagebuch\/#article","isPartOf":{"@id":"https:\/\/www.madulain.ch\/madulainachesa-ein-aussergewo%cc%88hnliches-dorf-tagebuch\/"},"author":{"name":"vengo ADMIN","@id":"https:\/\/www.madulain.ch\/#\/schema\/person\/c48448ed653cdecd2ff83f3a8ef8c105"},"headline":"#madulainachesa \u2013 ein aussergewo\u0308hnliches Dorf-Tagebuch","datePublished":"2020-04-09T07:04:34+00:00","dateModified":"2021-02-12T01:57:03+00:00","mainEntityOfPage":{"@id":"https:\/\/www.madulain.ch\/madulainachesa-ein-aussergewo%cc%88hnliches-dorf-tagebuch\/"},"wordCount":216,"publisher":{"@id":"https:\/\/www.madulain.ch\/#organization"},"image":{"@id":"https:\/\/www.madulain.ch\/madulainachesa-ein-aussergewo%cc%88hnliches-dorf-tagebuch\/#primaryimage"},"thumbnailUrl":"https:\/\/www.madulain.ch\/wp-content\/uploads\/2020\/04\/madulain_tuere.jpg","articleSection":["Coronavirus"],"inLanguage":"it-IT"},{"@type":"WebPage","@id":"https:\/\/www.madulain.ch\/madulainachesa-ein-aussergewo%cc%88hnliches-dorf-tagebuch\/","url":"https:\/\/www.madulain.ch\/madulainachesa-ein-aussergewo%cc%88hnliches-dorf-tagebuch\/","name":"#madulainachesa - uno straordinario diario di villaggio - Comune di Madulain","isPartOf":{"@id":"https:\/\/www.madulain.ch\/#website"},"primaryImageOfPage":{"@id":"https:\/\/www.madulain.ch\/madulainachesa-ein-aussergewo%cc%88hnliches-dorf-tagebuch\/#primaryimage"},"image":{"@id":"https:\/\/www.madulain.ch\/madulainachesa-ein-aussergewo%cc%88hnliches-dorf-tagebuch\/#primaryimage"},"thumbnailUrl":"https:\/\/www.madulain.ch\/wp-content\/uploads\/2020\/04\/madulain_tuere.jpg","datePublished":"2020-04-09T07:04:34+00:00","dateModified":"2021-02-12T01:57:03+00:00","breadcrumb":{"@id":"https:\/\/www.madulain.ch\/madulainachesa-ein-aussergewo%cc%88hnliches-dorf-tagebuch\/#breadcrumb"},"inLanguage":"it-IT","potentialAction":[{"@type":"ReadAction","target":["https:\/\/www.madulain.ch\/madulainachesa-ein-aussergewo%cc%88hnliches-dorf-tagebuch\/"]}]},{"@type":"ImageObject","inLanguage":"it-IT","@id":"https:\/\/www.madulain.ch\/madulainachesa-ein-aussergewo%cc%88hnliches-dorf-tagebuch\/#primaryimage","url":"https:\/\/www.madulain.ch\/wp-content\/uploads\/2020\/04\/madulain_tuere.jpg","contentUrl":"https:\/\/www.madulain.ch\/wp-content\/uploads\/2020\/04\/madulain_tuere.jpg","width":1440,"height":810},{"@type":"BreadcrumbList","@id":"https:\/\/www.madulain.ch\/madulainachesa-ein-aussergewo%cc%88hnliches-dorf-tagebuch\/#breadcrumb","itemListElement":[{"@type":"ListItem","position":1,"name":"Madulain","item":"https:\/\/www.madulain.ch\/"},{"@type":"ListItem","position":2,"name":"#madulainachesa \u2013 ein aussergewo\u0308hnliches Dorf-Tagebuch"}]},{"@type":"WebSite","@id":"https:\/\/www.madulain.ch\/#website","url":"https:\/\/www.madulain.ch\/","name":"Comune di Madulain","description":"Regione di Maloja, Engadina - St. Moritz","publisher":{"@id":"https:\/\/www.madulain.ch\/#organization"},"potentialAction":[{"@type":"SearchAction","target":{"@type":"EntryPoint","urlTemplate":"https:\/\/www.madulain.ch\/?s={search_term_string}"},"query-input":{"@type":"PropertyValueSpecification","valueRequired":true,"valueName":"search_term_string"}}],"inLanguage":"it-IT"},{"@type":"Organization","@id":"https:\/\/www.madulain.ch\/#organization","name":"Comune di Madulain","url":"https:\/\/www.madulain.ch\/","logo":{"@type":"ImageObject","inLanguage":"it-IT","@id":"https:\/\/www.madulain.ch\/#\/schema\/logo\/image\/","url":"https:\/\/www.madulain.ch\/wp-content\/uploads\/2019\/08\/madulain_logo_black.png","contentUrl":"https:\/\/www.madulain.ch\/wp-content\/uploads\/2019\/08\/madulain_logo_black.png","width":500,"height":129,"caption":"Gemeinde Madulain"},"image":{"@id":"https:\/\/www.madulain.ch\/#\/schema\/logo\/image\/"}},{"@type":"Person","@id":"https:\/\/www.madulain.ch\/#\/schema\/person\/c48448ed653cdecd2ff83f3a8ef8c105","name":"vengo AMMINISTRATORE","image":{"@type":"ImageObject","inLanguage":"it-IT","@id":"https:\/\/secure.gravatar.com\/avatar\/de38c1b4ba8f14334fc485bb4732a627551688a773ca6aa101bf28a73f595f7d?s=96&d=mm&r=g","url":"https:\/\/secure.gravatar.com\/avatar\/de38c1b4ba8f14334fc485bb4732a627551688a773ca6aa101bf28a73f595f7d?s=96&d=mm&r=g","contentUrl":"https:\/\/secure.gravatar.com\/avatar\/de38c1b4ba8f14334fc485bb4732a627551688a773ca6aa101bf28a73f595f7d?s=96&d=mm&r=g","caption":"vengo ADMIN"}}]}},"_links":{"self":[{"href":"https:\/\/www.madulain.ch\/it\/wp-json\/wp\/v2\/posts\/3645","targetHints":{"allow":["GET"]}}],"collection":[{"href":"https:\/\/www.madulain.ch\/it\/wp-json\/wp\/v2\/posts"}],"about":[{"href":"https:\/\/www.madulain.ch\/it\/wp-json\/wp\/v2\/types\/post"}],"author":[{"embeddable":true,"href":"https:\/\/www.madulain.ch\/it\/wp-json\/wp\/v2\/users\/2"}],"replies":[{"embeddable":true,"href":"https:\/\/www.madulain.ch\/it\/wp-json\/wp\/v2\/comments?post=3645"}],"version-history":[{"count":0,"href":"https:\/\/www.madulain.ch\/it\/wp-json\/wp\/v2\/posts\/3645\/revisions"}],"wp:featuredmedia":[{"embeddable":true,"href":"https:\/\/www.madulain.ch\/it\/wp-json\/wp\/v2\/media\/3648"}],"wp:attachment":[{"href":"https:\/\/www.madulain.ch\/it\/wp-json\/wp\/v2\/media?parent=3645"}],"wp:term":[{"taxonomy":"category","embeddable":true,"href":"https:\/\/www.madulain.ch\/it\/wp-json\/wp\/v2\/categories?post=3645"},{"taxonomy":"post_tag","embeddable":true,"href":"https:\/\/www.madulain.ch\/it\/wp-json\/wp\/v2\/tags?post=3645"}],"curies":[{"name":"wp","href":"https:\/\/api.w.org\/{rel}","templated":true}]}}