{"id":3736,"date":"2020-05-28T11:53:04","date_gmt":"2020-05-28T09:53:04","guid":{"rendered":"https:\/\/www.madulain.ch\/?p=3736"},"modified":"2020-05-28T11:53:06","modified_gmt":"2020-05-28T09:53:06","slug":"rinnovo-del-ponte-rhb","status":"publish","type":"post","link":"https:\/\/www.madulain.ch\/it\/erneuerung-der-rhb-bruecke\/","title":{"rendered":"Rinnovo ponte FR R"},"content":{"rendered":"<p><strong>Il sottopasso RhB-Line sar\u00e0 sostituito da inizio giugno a fine agosto 2020. L&#039;accesso a Via Vallatscha e il passaggio delle persone sono garantiti durante i lavori di costruzione. Fanno eccezione le due serate di installazione da sabato 27 giugno a domenica 28 giugno e da sabato 8 agosto a domenica 9 agosto.<\/strong><\/p>\n<p>Il ponte ferroviario esistente presenta gravi ed estesi difetti e danni. Inoltre, l&#039;attuale larghezza e altezza del passaggio non corrisponde alle esigenze odierne. La Ferrovia Retica ha deciso di sostituire la struttura esistente e ampliare il passaggio stradale. Il progetto prevede di sostituire la struttura con una sovrastruttura a ponte in acciaio con un canale di ghiaia integrato e di sostenerla su nuove spalle.<\/p>\n<p><strong>Tempi di costruzione ridotti<\/strong><br \/>Il metodo di costruzione scelto riduce i tempi di costruzione in cantiere e il numero di lavori notturni \u00e8 ridotto al minimo. I lavori di costruzione saranno eseguiti mentre le operazioni ferroviarie sono mantenute. Vari lavori devono essere posticipati nella notte per motivi di sicurezza e\/o di orario.<br \/><br \/>Il lavoro notturno si concentra nelle settimane 24-26 (8-28 giugno) e 32 (3-9 agosto). Per motivi operativi, questo lavoro \u00e8 possibile solo di notte. Sfortunatamente, le emissioni di rumore non possono essere evitate.<br \/><br \/><strong>Il lavoro notturno \u00e8 cos\u00ec programmato:<\/strong><\/p>\n<ul style=\"list-style-type: circle;\">\n<li>Settimana 24: 5 notti, da lun\/mar a ven\/sab; Realizzazione di micropali per fondazione ponte ausiliario<\/li>\n<li>Settimana 25: 5 notti, da lun\/mar a ven\/sab; Realizzazione di micropali per fondazione ponte ausiliario<\/li>\n<li>Settimana 26: 3 notti, lun\/mar, mar\/mer e sab\/dom; Calcestruzzo di fondazioni HB e installazione<\/li>\n<li>Settimana 32: 1 notte, sab\/dom; Ampliamento del ponte ausiliario e installazione di un nuovo canale di zavorra in acciaio<\/li>\n<\/ul>\n<p>Dei turni di notte elencati, gli ultimi due incarichi sono rumorosi. Negli altri strati a monte, le emissioni sonore dovrebbero essere significativamente inferiori.<br \/><br \/>L&#039;accesso a Via Vallatscha e il passaggio delle persone sono garantiti in modo continuativo, ad eccezione delle due notti di installazione sab\/dom 27\/28 giugno 2020 e sab\/dom 8\/9 agosto 2020.<\/p>\n<p>Le date indicate possono essere leggermente posticipate a causa delle condizioni meteorologiche o di difficolt\u00e0 strutturali. I lavori di costruzione sono eseguiti dalla societ\u00e0 Vecellio Costruzioni AG, Poschiavo e i lavori di costruzione in acciaio dalla societ\u00e0 Schneider Stahlbau, AG Jona. La Ferrovia Retica, i responsabili del progetto e le aziende vi ringraziano anticipatamente per la vostra comprensione.<\/p>\n<p>\u00a0<\/p>\n\n\n\n<figure class=\"wp-block-image size-large\"><img fetchpriority=\"high\" decoding=\"async\" width=\"936\" height=\"798\" src=\"https:\/\/www.madulain.ch\/wp-content\/uploads\/2020\/05\/lage-strassenunterfuehrung.jpg\" alt=\"\" class=\"wp-image-3741\" srcset=\"https:\/\/www.madulain.ch\/wp-content\/uploads\/2020\/05\/lage-strassenunterfuehrung.jpg 936w, https:\/\/www.madulain.ch\/wp-content\/uploads\/2020\/05\/lage-strassenunterfuehrung-300x256.jpg 300w, https:\/\/www.madulain.ch\/wp-content\/uploads\/2020\/05\/lage-strassenunterfuehrung-768x655.jpg 768w, https:\/\/www.madulain.ch\/wp-content\/uploads\/2020\/05\/lage-strassenunterfuehrung-700x597.jpg 700w\" sizes=\"(max-width: 936px) 100vw, 936px\" \/><figcaption><strong>Posizione del sottopasso<\/strong><\/figcaption><\/figure>","protected":false},"excerpt":{"rendered":"<p>Von Anfang Juni bis Ende August 2020 wird die Strassenunterfu\u0308hrung der RhB-Line ersetzt. Die Zufahrt zur Via Vallatscha und der [&#8230;]<\/p>\n","protected":false},"author":2,"featured_media":3742,"comment_status":"closed","ping_status":"closed","sticky":false,"template":"","format":"standard","meta":{"_relevanssi_hide_post":"","_relevanssi_hide_content":"","_relevanssi_pin_for_all":"","_relevanssi_pin_keywords":"","_relevanssi_unpin_keywords":"","_relevanssi_related_keywords":"","_relevanssi_related_include_ids":"","_relevanssi_related_exclude_ids":"","_relevanssi_related_no_append":"","_relevanssi_related_not_related":"","_relevanssi_related_posts":"","_relevanssi_noindex_reason":"","site-sidebar-layout":"default","site-content-layout":"default","ast-site-content-layout":"default","site-content-style":"default","site-sidebar-style":"default","ast-global-header-display":"","ast-banner-title-visibility":"","ast-main-header-display":"","ast-hfb-above-header-display":"","ast-hfb-below-header-display":"","ast-hfb-mobile-header-display":"","site-post-title":"","ast-breadcrumbs-content":"","ast-featured-img":"","footer-sml-layout":"","ast-disable-related-posts":"","theme-transparent-header-meta":"default","adv-header-id-meta":"","stick-header-meta":"","header-above-stick-meta":"","header-main-stick-meta":"","header-below-stick-meta":"","astra-migrate-meta-layouts":"default","ast-page-background-enabled":"default","ast-page-background-meta":{"desktop":{"background-color":"","background-image":"","background-repeat":"repeat","background-position":"center center","background-size":"auto","background-attachment":"scroll","background-type":"","background-media":"","overlay-type":"","overlay-color":"","overlay-opacity":"","overlay-gradient":""},"tablet":{"background-color":"","background-image":"","background-repeat":"repeat","background-position":"center center","background-size":"auto","background-attachment":"scroll","background-type":"","background-media":"","overlay-type":"","overlay-color":"","overlay-opacity":"","overlay-gradient":""},"mobile":{"background-color":"","background-image":"","background-repeat":"repeat","background-position":"center center","background-size":"auto","background-attachment":"scroll","background-type":"","background-media":"","overlay-type":"","overlay-color":"","overlay-opacity":"","overlay-gradient":""}},"ast-content-background-meta":{"desktop":{"background-color":"var(--ast-global-color-5)","background-image":"","background-repeat":"repeat","background-position":"center center","background-size":"auto","background-attachment":"scroll","background-type":"","background-media":"","overlay-type":"","overlay-color":"","overlay-opacity":"","overlay-gradient":""},"tablet":{"background-color":"var(--ast-global-color-5)","background-image":"","background-repeat":"repeat","background-position":"center center","background-size":"auto","background-attachment":"scroll","background-type":"","background-media":"","overlay-type":"","overlay-color":"","overlay-opacity":"","overlay-gradient":""},"mobile":{"background-color":"var(--ast-global-color-5)","background-image":"","background-repeat":"repeat","background-position":"center center","background-size":"auto","background-attachment":"scroll","background-type":"","background-media":"","overlay-type":"","overlay-color":"","overlay-opacity":"","overlay-gradient":""}},"footnotes":""},"categories":[64],"tags":[],"class_list":["post-3736","post","type-post","status-publish","format-standard","has-post-thumbnail","hentry","category-rhaetische-bahn"],"yoast_head":"<!-- This site is optimized with the Yoast SEO plugin v27.4 - https:\/\/yoast.com\/product\/yoast-seo-wordpress\/ -->\n<title>Erneuerung der RhB-Br\u00fccke - Gemeinde Madulain<\/title>\n<meta name=\"robots\" content=\"index, follow, max-snippet:-1, max-image-preview:large, max-video-preview:-1\" \/>\n<link rel=\"canonical\" href=\"https:\/\/www.madulain.ch\/it\/rinnovo-del-ponte-rhb\/\" \/>\n<meta property=\"og:locale\" content=\"it_IT\" \/>\n<meta property=\"og:type\" content=\"article\" \/>\n<meta property=\"og:title\" content=\"Erneuerung der RhB-Br\u00fccke - Gemeinde Madulain\" \/>\n<meta property=\"og:description\" content=\"Von Anfang Juni bis Ende August 2020 wird die Strassenunterfu\u0308hrung der RhB-Line ersetzt. Die Zufahrt zur Via Vallatscha und der [...]\" \/>\n<meta property=\"og:url\" content=\"https:\/\/www.madulain.ch\/it\/rinnovo-del-ponte-rhb\/\" \/>\n<meta property=\"og:site_name\" content=\"Gemeinde Madulain\" \/>\n<meta property=\"article:published_time\" content=\"2020-05-28T09:53:04+00:00\" \/>\n<meta property=\"article:modified_time\" content=\"2020-05-28T09:53:06+00:00\" \/>\n<meta property=\"og:image\" content=\"https:\/\/www.madulain.ch\/wp-content\/uploads\/2020\/05\/RhB-Bruecke-Madulain-2.jpg\" \/>\n\t<meta property=\"og:image:width\" content=\"1440\" \/>\n\t<meta property=\"og:image:height\" content=\"810\" \/>\n\t<meta property=\"og:image:type\" content=\"image\/jpeg\" \/>\n<meta name=\"author\" content=\"vengo ADMIN\" \/>\n<meta name=\"twitter:card\" content=\"summary_large_image\" \/>\n<meta name=\"twitter:label1\" content=\"Scritto da\" \/>\n\t<meta name=\"twitter:data1\" content=\"vengo ADMIN\" \/>\n\t<meta name=\"twitter:label2\" content=\"Tempo di lettura stimato\" \/>\n\t<meta name=\"twitter:data2\" content=\"2 minuti\" \/>\n<script type=\"application\/ld+json\" class=\"yoast-schema-graph\">{\"@context\":\"https:\\\/\\\/schema.org\",\"@graph\":[{\"@type\":\"Article\",\"@id\":\"https:\\\/\\\/www.madulain.ch\\\/erneuerung-der-rhb-bruecke\\\/#article\",\"isPartOf\":{\"@id\":\"https:\\\/\\\/www.madulain.ch\\\/erneuerung-der-rhb-bruecke\\\/\"},\"author\":{\"name\":\"vengo ADMIN\",\"@id\":\"https:\\\/\\\/www.madulain.ch\\\/#\\\/schema\\\/person\\\/c48448ed653cdecd2ff83f3a8ef8c105\"},\"headline\":\"Erneuerung der RhB-Br\u00fccke\",\"datePublished\":\"2020-05-28T09:53:04+00:00\",\"dateModified\":\"2020-05-28T09:53:06+00:00\",\"mainEntityOfPage\":{\"@id\":\"https:\\\/\\\/www.madulain.ch\\\/erneuerung-der-rhb-bruecke\\\/\"},\"wordCount\":363,\"publisher\":{\"@id\":\"https:\\\/\\\/www.madulain.ch\\\/#organization\"},\"image\":{\"@id\":\"https:\\\/\\\/www.madulain.ch\\\/erneuerung-der-rhb-bruecke\\\/#primaryimage\"},\"thumbnailUrl\":\"https:\\\/\\\/www.madulain.ch\\\/wp-content\\\/uploads\\\/2020\\\/05\\\/RhB-Bruecke-Madulain-2.jpg\",\"articleSection\":[\"Rh\u00e4tische Bahn\"],\"inLanguage\":\"it-IT\"},{\"@type\":\"WebPage\",\"@id\":\"https:\\\/\\\/www.madulain.ch\\\/erneuerung-der-rhb-bruecke\\\/\",\"url\":\"https:\\\/\\\/www.madulain.ch\\\/erneuerung-der-rhb-bruecke\\\/\",\"name\":\"Erneuerung der RhB-Br\u00fccke - Gemeinde Madulain\",\"isPartOf\":{\"@id\":\"https:\\\/\\\/www.madulain.ch\\\/#website\"},\"primaryImageOfPage\":{\"@id\":\"https:\\\/\\\/www.madulain.ch\\\/erneuerung-der-rhb-bruecke\\\/#primaryimage\"},\"image\":{\"@id\":\"https:\\\/\\\/www.madulain.ch\\\/erneuerung-der-rhb-bruecke\\\/#primaryimage\"},\"thumbnailUrl\":\"https:\\\/\\\/www.madulain.ch\\\/wp-content\\\/uploads\\\/2020\\\/05\\\/RhB-Bruecke-Madulain-2.jpg\",\"datePublished\":\"2020-05-28T09:53:04+00:00\",\"dateModified\":\"2020-05-28T09:53:06+00:00\",\"breadcrumb\":{\"@id\":\"https:\\\/\\\/www.madulain.ch\\\/erneuerung-der-rhb-bruecke\\\/#breadcrumb\"},\"inLanguage\":\"it-IT\",\"potentialAction\":[{\"@type\":\"ReadAction\",\"target\":[\"https:\\\/\\\/www.madulain.ch\\\/erneuerung-der-rhb-bruecke\\\/\"]}]},{\"@type\":\"ImageObject\",\"inLanguage\":\"it-IT\",\"@id\":\"https:\\\/\\\/www.madulain.ch\\\/erneuerung-der-rhb-bruecke\\\/#primaryimage\",\"url\":\"https:\\\/\\\/www.madulain.ch\\\/wp-content\\\/uploads\\\/2020\\\/05\\\/RhB-Bruecke-Madulain-2.jpg\",\"contentUrl\":\"https:\\\/\\\/www.madulain.ch\\\/wp-content\\\/uploads\\\/2020\\\/05\\\/RhB-Bruecke-Madulain-2.jpg\",\"width\":1440,\"height\":810},{\"@type\":\"BreadcrumbList\",\"@id\":\"https:\\\/\\\/www.madulain.ch\\\/erneuerung-der-rhb-bruecke\\\/#breadcrumb\",\"itemListElement\":[{\"@type\":\"ListItem\",\"position\":1,\"name\":\"Madulain\",\"item\":\"https:\\\/\\\/www.madulain.ch\\\/\"},{\"@type\":\"ListItem\",\"position\":2,\"name\":\"Erneuerung der RhB-Br\u00fccke\"}]},{\"@type\":\"WebSite\",\"@id\":\"https:\\\/\\\/www.madulain.ch\\\/#website\",\"url\":\"https:\\\/\\\/www.madulain.ch\\\/\",\"name\":\"Gemeinde Madulain\",\"description\":\"Region Maloja, Engadin - St. Moritz\",\"publisher\":{\"@id\":\"https:\\\/\\\/www.madulain.ch\\\/#organization\"},\"potentialAction\":[{\"@type\":\"SearchAction\",\"target\":{\"@type\":\"EntryPoint\",\"urlTemplate\":\"https:\\\/\\\/www.madulain.ch\\\/?s={search_term_string}\"},\"query-input\":{\"@type\":\"PropertyValueSpecification\",\"valueRequired\":true,\"valueName\":\"search_term_string\"}}],\"inLanguage\":\"it-IT\"},{\"@type\":\"Organization\",\"@id\":\"https:\\\/\\\/www.madulain.ch\\\/#organization\",\"name\":\"Gemeinde Madulain\",\"url\":\"https:\\\/\\\/www.madulain.ch\\\/\",\"logo\":{\"@type\":\"ImageObject\",\"inLanguage\":\"it-IT\",\"@id\":\"https:\\\/\\\/www.madulain.ch\\\/#\\\/schema\\\/logo\\\/image\\\/\",\"url\":\"https:\\\/\\\/www.madulain.ch\\\/wp-content\\\/uploads\\\/2019\\\/08\\\/madulain_logo_black.png\",\"contentUrl\":\"https:\\\/\\\/www.madulain.ch\\\/wp-content\\\/uploads\\\/2019\\\/08\\\/madulain_logo_black.png\",\"width\":500,\"height\":129,\"caption\":\"Gemeinde Madulain\"},\"image\":{\"@id\":\"https:\\\/\\\/www.madulain.ch\\\/#\\\/schema\\\/logo\\\/image\\\/\"}},{\"@type\":\"Person\",\"@id\":\"https:\\\/\\\/www.madulain.ch\\\/#\\\/schema\\\/person\\\/c48448ed653cdecd2ff83f3a8ef8c105\",\"name\":\"vengo ADMIN\",\"image\":{\"@type\":\"ImageObject\",\"inLanguage\":\"it-IT\",\"@id\":\"https:\\\/\\\/secure.gravatar.com\\\/avatar\\\/de38c1b4ba8f14334fc485bb4732a627551688a773ca6aa101bf28a73f595f7d?s=96&d=mm&r=g\",\"url\":\"https:\\\/\\\/secure.gravatar.com\\\/avatar\\\/de38c1b4ba8f14334fc485bb4732a627551688a773ca6aa101bf28a73f595f7d?s=96&d=mm&r=g\",\"contentUrl\":\"https:\\\/\\\/secure.gravatar.com\\\/avatar\\\/de38c1b4ba8f14334fc485bb4732a627551688a773ca6aa101bf28a73f595f7d?s=96&d=mm&r=g\",\"caption\":\"vengo ADMIN\"}}]}<\/script>\n<!-- \/ Yoast SEO plugin. -->","yoast_head_json":{"title":"Rinnovo del ponte FR - Comune di Madulain","robots":{"index":"index","follow":"follow","max-snippet":"max-snippet:-1","max-image-preview":"max-image-preview:large","max-video-preview":"max-video-preview:-1"},"canonical":"https:\/\/www.madulain.ch\/it\/rinnovo-del-ponte-rhb\/","og_locale":"it_IT","og_type":"article","og_title":"Erneuerung der RhB-Br\u00fccke - Gemeinde Madulain","og_description":"Von Anfang Juni bis Ende August 2020 wird die Strassenunterfu\u0308hrung der RhB-Line ersetzt. Die Zufahrt zur Via Vallatscha und der [...]","og_url":"https:\/\/www.madulain.ch\/it\/rinnovo-del-ponte-rhb\/","og_site_name":"Gemeinde Madulain","article_published_time":"2020-05-28T09:53:04+00:00","article_modified_time":"2020-05-28T09:53:06+00:00","og_image":[{"width":1440,"height":810,"url":"https:\/\/www.madulain.ch\/wp-content\/uploads\/2020\/05\/RhB-Bruecke-Madulain-2.jpg","type":"image\/jpeg"}],"author":"vengo ADMIN","twitter_card":"summary_large_image","twitter_misc":{"Scritto da":"vengo ADMIN","Tempo di lettura stimato":"2 minuti"},"schema":{"@context":"https:\/\/schema.org","@graph":[{"@type":"Article","@id":"https:\/\/www.madulain.ch\/erneuerung-der-rhb-bruecke\/#article","isPartOf":{"@id":"https:\/\/www.madulain.ch\/erneuerung-der-rhb-bruecke\/"},"author":{"name":"vengo ADMIN","@id":"https:\/\/www.madulain.ch\/#\/schema\/person\/c48448ed653cdecd2ff83f3a8ef8c105"},"headline":"Erneuerung der RhB-Br\u00fccke","datePublished":"2020-05-28T09:53:04+00:00","dateModified":"2020-05-28T09:53:06+00:00","mainEntityOfPage":{"@id":"https:\/\/www.madulain.ch\/erneuerung-der-rhb-bruecke\/"},"wordCount":363,"publisher":{"@id":"https:\/\/www.madulain.ch\/#organization"},"image":{"@id":"https:\/\/www.madulain.ch\/erneuerung-der-rhb-bruecke\/#primaryimage"},"thumbnailUrl":"https:\/\/www.madulain.ch\/wp-content\/uploads\/2020\/05\/RhB-Bruecke-Madulain-2.jpg","articleSection":["Rh\u00e4tische Bahn"],"inLanguage":"it-IT"},{"@type":"WebPage","@id":"https:\/\/www.madulain.ch\/erneuerung-der-rhb-bruecke\/","url":"https:\/\/www.madulain.ch\/erneuerung-der-rhb-bruecke\/","name":"Rinnovo del ponte FR - Comune di Madulain","isPartOf":{"@id":"https:\/\/www.madulain.ch\/#website"},"primaryImageOfPage":{"@id":"https:\/\/www.madulain.ch\/erneuerung-der-rhb-bruecke\/#primaryimage"},"image":{"@id":"https:\/\/www.madulain.ch\/erneuerung-der-rhb-bruecke\/#primaryimage"},"thumbnailUrl":"https:\/\/www.madulain.ch\/wp-content\/uploads\/2020\/05\/RhB-Bruecke-Madulain-2.jpg","datePublished":"2020-05-28T09:53:04+00:00","dateModified":"2020-05-28T09:53:06+00:00","breadcrumb":{"@id":"https:\/\/www.madulain.ch\/erneuerung-der-rhb-bruecke\/#breadcrumb"},"inLanguage":"it-IT","potentialAction":[{"@type":"ReadAction","target":["https:\/\/www.madulain.ch\/erneuerung-der-rhb-bruecke\/"]}]},{"@type":"ImageObject","inLanguage":"it-IT","@id":"https:\/\/www.madulain.ch\/erneuerung-der-rhb-bruecke\/#primaryimage","url":"https:\/\/www.madulain.ch\/wp-content\/uploads\/2020\/05\/RhB-Bruecke-Madulain-2.jpg","contentUrl":"https:\/\/www.madulain.ch\/wp-content\/uploads\/2020\/05\/RhB-Bruecke-Madulain-2.jpg","width":1440,"height":810},{"@type":"BreadcrumbList","@id":"https:\/\/www.madulain.ch\/erneuerung-der-rhb-bruecke\/#breadcrumb","itemListElement":[{"@type":"ListItem","position":1,"name":"Madulain","item":"https:\/\/www.madulain.ch\/"},{"@type":"ListItem","position":2,"name":"Erneuerung der RhB-Br\u00fccke"}]},{"@type":"WebSite","@id":"https:\/\/www.madulain.ch\/#website","url":"https:\/\/www.madulain.ch\/","name":"Comune di Madulain","description":"Regione di Maloja, Engadina - St. Moritz","publisher":{"@id":"https:\/\/www.madulain.ch\/#organization"},"potentialAction":[{"@type":"SearchAction","target":{"@type":"EntryPoint","urlTemplate":"https:\/\/www.madulain.ch\/?s={search_term_string}"},"query-input":{"@type":"PropertyValueSpecification","valueRequired":true,"valueName":"search_term_string"}}],"inLanguage":"it-IT"},{"@type":"Organization","@id":"https:\/\/www.madulain.ch\/#organization","name":"Comune di Madulain","url":"https:\/\/www.madulain.ch\/","logo":{"@type":"ImageObject","inLanguage":"it-IT","@id":"https:\/\/www.madulain.ch\/#\/schema\/logo\/image\/","url":"https:\/\/www.madulain.ch\/wp-content\/uploads\/2019\/08\/madulain_logo_black.png","contentUrl":"https:\/\/www.madulain.ch\/wp-content\/uploads\/2019\/08\/madulain_logo_black.png","width":500,"height":129,"caption":"Gemeinde Madulain"},"image":{"@id":"https:\/\/www.madulain.ch\/#\/schema\/logo\/image\/"}},{"@type":"Person","@id":"https:\/\/www.madulain.ch\/#\/schema\/person\/c48448ed653cdecd2ff83f3a8ef8c105","name":"vengo AMMINISTRATORE","image":{"@type":"ImageObject","inLanguage":"it-IT","@id":"https:\/\/secure.gravatar.com\/avatar\/de38c1b4ba8f14334fc485bb4732a627551688a773ca6aa101bf28a73f595f7d?s=96&d=mm&r=g","url":"https:\/\/secure.gravatar.com\/avatar\/de38c1b4ba8f14334fc485bb4732a627551688a773ca6aa101bf28a73f595f7d?s=96&d=mm&r=g","contentUrl":"https:\/\/secure.gravatar.com\/avatar\/de38c1b4ba8f14334fc485bb4732a627551688a773ca6aa101bf28a73f595f7d?s=96&d=mm&r=g","caption":"vengo ADMIN"}}]}},"_links":{"self":[{"href":"https:\/\/www.madulain.ch\/it\/wp-json\/wp\/v2\/posts\/3736","targetHints":{"allow":["GET"]}}],"collection":[{"href":"https:\/\/www.madulain.ch\/it\/wp-json\/wp\/v2\/posts"}],"about":[{"href":"https:\/\/www.madulain.ch\/it\/wp-json\/wp\/v2\/types\/post"}],"author":[{"embeddable":true,"href":"https:\/\/www.madulain.ch\/it\/wp-json\/wp\/v2\/users\/2"}],"replies":[{"embeddable":true,"href":"https:\/\/www.madulain.ch\/it\/wp-json\/wp\/v2\/comments?post=3736"}],"version-history":[{"count":0,"href":"https:\/\/www.madulain.ch\/it\/wp-json\/wp\/v2\/posts\/3736\/revisions"}],"wp:featuredmedia":[{"embeddable":true,"href":"https:\/\/www.madulain.ch\/it\/wp-json\/wp\/v2\/media\/3742"}],"wp:attachment":[{"href":"https:\/\/www.madulain.ch\/it\/wp-json\/wp\/v2\/media?parent=3736"}],"wp:term":[{"taxonomy":"category","embeddable":true,"href":"https:\/\/www.madulain.ch\/it\/wp-json\/wp\/v2\/categories?post=3736"},{"taxonomy":"post_tag","embeddable":true,"href":"https:\/\/www.madulain.ch\/it\/wp-json\/wp\/v2\/tags?post=3736"}],"curies":[{"name":"wp","href":"https:\/\/api.w.org\/{rel}","templated":true}]}}