{"id":4132,"date":"2020-10-15T18:35:31","date_gmt":"2020-10-15T16:35:31","guid":{"rendered":"https:\/\/www.madulain.ch\/?p=4132"},"modified":"2020-10-15T19:15:46","modified_gmt":"2020-10-15T17:15:46","slug":"community-meeting-on-ottobre-26th","status":"publish","type":"post","link":"https:\/\/www.madulain.ch\/it\/gemeindeversammlung-am-26-oktober\/","title":{"rendered":"Il 26 ottobre alla Chesa Romedi"},"content":{"rendered":"<p>L&#039;incontro comunitario \u00e8 luned\u00ec 26 ottobre 2020. Attenzione, l&#039;incontro \u00e8 in corso <strong>nella grande sala della Chesa Romedi<\/strong> invece e non come al solito nella sala della comunit\u00e0. Come sempre, il punto d&#039;incontro \u00e8 alle 20:00.<\/p>\n<p>Lo spazio pi\u00f9 ampio a disposizione \u00e8 il motivo del cambio di location. Nella Chesa Romedi, le misure di protezione Covid-19 possono essere meglio implementate. Per favore, rispettalo. E nota quello <strong>Requisito per indossare la maschera<\/strong> consiste.<\/p>\n<p><strong>Punti all&#039;ordine del giorno<\/strong><br \/>1. Apertura ed elezione dello sportello votante<br \/>2. Verbale assemblea comunale del 16 dicembre 2010 -&gt; <em><a href=\"https:\/\/www.madulain.ch\/gemeinde\/gemeindeversammlung\/\" target=\"_blank\" rel=\"noopener noreferrer\">al protocollo<\/a><\/em><br \/>3. Approvazione rendiconti \/ note annuali 2019 -&gt; <em><a href=\"https:\/\/www.madulain.ch\/gemeinde\/zahlen-gesetze\/\" target=\"_blank\" rel=\"noopener noreferrer\">ai numeri<\/a><\/em><br \/>4. Associazione delle scuole di musica dell&#039;Alta Engadina; nuovo contratto di prestazione -&gt; <em>vedi sotto<\/em><br \/>5. Messaggi e varie<br \/><strong>documenti<\/strong>: pu\u00f2 essere richiesto anche presso l&#039;ufficio comunale.<\/p>\n<p><strong>Bozza del nuovo contratto di prestazione<\/strong><\/p>\n\n\n<a href=\"https:\/\/www.madulain.ch\/wp-content\/uploads\/2020\/10\/LV-Musikschule.pdf\" class=\"pdfemb-viewer\" style=\"width: 300px; \" data-width=\"300\" data-height=\"max\" data-mobile-width=\"500\"  data-scrollbar=\"vertical\" data-download=\"on\" data-tracking=\"on\" data-newwindow=\"on\" data-pagetextbox=\"off\" data-scrolltotop=\"off\" data-startzoom=\"100\" data-startfpzoom=\"100\" data-toolbar=\"top\" data-toolbar-fixed=\"on\">Scuola di musica LV<br\/><\/a>\n<p class=\"wp-block-pdfemb-pdf-embedder-viewer\"><\/p>\n\n\n\n<figure class=\"wp-block-image size-large\"><img fetchpriority=\"high\" decoding=\"async\" width=\"1024\" height=\"576\" src=\"https:\/\/www.madulain.ch\/wp-content\/uploads\/2020\/10\/madulain_sgraffitos_2-1024x576.jpg\" alt=\"\" class=\"wp-image-4135\" srcset=\"https:\/\/www.madulain.ch\/wp-content\/uploads\/2020\/10\/madulain_sgraffitos_2-1024x576.jpg 1024w, https:\/\/www.madulain.ch\/wp-content\/uploads\/2020\/10\/madulain_sgraffitos_2-300x169.jpg 300w, https:\/\/www.madulain.ch\/wp-content\/uploads\/2020\/10\/madulain_sgraffitos_2-768x432.jpg 768w, https:\/\/www.madulain.ch\/wp-content\/uploads\/2020\/10\/madulain_sgraffitos_2-1536x864.jpg 1536w, https:\/\/www.madulain.ch\/wp-content\/uploads\/2020\/10\/madulain_sgraffitos_2-16x9.jpg 16w, https:\/\/www.madulain.ch\/wp-content\/uploads\/2020\/10\/madulain_sgraffitos_2-1080x608.jpg 1080w, https:\/\/www.madulain.ch\/wp-content\/uploads\/2020\/10\/madulain_sgraffitos_2-700x394.jpg 700w, https:\/\/www.madulain.ch\/wp-content\/uploads\/2020\/10\/madulain_sgraffitos_2.jpg 1920w\" sizes=\"(max-width: 1024px) 100vw, 1024px\" \/><figcaption>Prossimo incontro comunitario il 26 ottobre, ore 20, a Chesa Romedi<\/figcaption><\/figure>","protected":false},"excerpt":{"rendered":"<p>Am Montag, 26. Oktober 2020 ist Gemeindeversammlung. Achtung, die Versammlung findet im grossen Saal der Chesa Romedi statt und nicht [&#8230;]<\/p>\n","protected":false},"author":2,"featured_media":4133,"comment_status":"closed","ping_status":"closed","sticky":false,"template":"","format":"standard","meta":{"_relevanssi_hide_post":"","_relevanssi_hide_content":"","_relevanssi_pin_for_all":"","_relevanssi_pin_keywords":"","_relevanssi_unpin_keywords":"","_relevanssi_related_keywords":"","_relevanssi_related_include_ids":"","_relevanssi_related_exclude_ids":"","_relevanssi_related_no_append":"","_relevanssi_related_not_related":"","_relevanssi_related_posts":"","_relevanssi_noindex_reason":"","site-sidebar-layout":"default","site-content-layout":"default","ast-site-content-layout":"default","site-content-style":"default","site-sidebar-style":"default","ast-global-header-display":"","ast-banner-title-visibility":"","ast-main-header-display":"","ast-hfb-above-header-display":"","ast-hfb-below-header-display":"","ast-hfb-mobile-header-display":"","site-post-title":"","ast-breadcrumbs-content":"","ast-featured-img":"","footer-sml-layout":"","ast-disable-related-posts":"","theme-transparent-header-meta":"default","adv-header-id-meta":"","stick-header-meta":"","header-above-stick-meta":"","header-main-stick-meta":"","header-below-stick-meta":"","astra-migrate-meta-layouts":"default","ast-page-background-enabled":"default","ast-page-background-meta":{"desktop":{"background-color":"","background-image":"","background-repeat":"repeat","background-position":"center center","background-size":"auto","background-attachment":"scroll","background-type":"","background-media":"","overlay-type":"","overlay-color":"","overlay-opacity":"","overlay-gradient":""},"tablet":{"background-color":"","background-image":"","background-repeat":"repeat","background-position":"center center","background-size":"auto","background-attachment":"scroll","background-type":"","background-media":"","overlay-type":"","overlay-color":"","overlay-opacity":"","overlay-gradient":""},"mobile":{"background-color":"","background-image":"","background-repeat":"repeat","background-position":"center center","background-size":"auto","background-attachment":"scroll","background-type":"","background-media":"","overlay-type":"","overlay-color":"","overlay-opacity":"","overlay-gradient":""}},"ast-content-background-meta":{"desktop":{"background-color":"var(--ast-global-color-5)","background-image":"","background-repeat":"repeat","background-position":"center center","background-size":"auto","background-attachment":"scroll","background-type":"","background-media":"","overlay-type":"","overlay-color":"","overlay-opacity":"","overlay-gradient":""},"tablet":{"background-color":"var(--ast-global-color-5)","background-image":"","background-repeat":"repeat","background-position":"center center","background-size":"auto","background-attachment":"scroll","background-type":"","background-media":"","overlay-type":"","overlay-color":"","overlay-opacity":"","overlay-gradient":""},"mobile":{"background-color":"var(--ast-global-color-5)","background-image":"","background-repeat":"repeat","background-position":"center center","background-size":"auto","background-attachment":"scroll","background-type":"","background-media":"","overlay-type":"","overlay-color":"","overlay-opacity":"","overlay-gradient":""}},"footnotes":""},"categories":[44],"tags":[],"class_list":["post-4132","post","type-post","status-publish","format-standard","has-post-thumbnail","hentry","category-gemeindeversammlung"],"yoast_head":"<!-- This site is optimized with the Yoast SEO plugin v27.4 - https:\/\/yoast.com\/product\/yoast-seo-wordpress\/ -->\n<title>Am 26. Oktober in der Chesa Romedi - Gemeinde Madulain<\/title>\n<meta name=\"robots\" content=\"index, follow, max-snippet:-1, max-image-preview:large, max-video-preview:-1\" \/>\n<link rel=\"canonical\" href=\"https:\/\/www.madulain.ch\/it\/community-meeting-on-ottobre-26th\/\" \/>\n<meta property=\"og:locale\" content=\"it_IT\" \/>\n<meta property=\"og:type\" content=\"article\" \/>\n<meta property=\"og:title\" content=\"Am 26. Oktober in der Chesa Romedi - Gemeinde Madulain\" \/>\n<meta property=\"og:description\" content=\"Am Montag, 26. Oktober 2020 ist Gemeindeversammlung. Achtung, die Versammlung findet im grossen Saal der Chesa Romedi statt und nicht [...]\" \/>\n<meta property=\"og:url\" content=\"https:\/\/www.madulain.ch\/it\/community-meeting-on-ottobre-26th\/\" \/>\n<meta property=\"og:site_name\" content=\"Gemeinde Madulain\" \/>\n<meta property=\"article:published_time\" content=\"2020-10-15T16:35:31+00:00\" \/>\n<meta property=\"article:modified_time\" content=\"2020-10-15T17:15:46+00:00\" \/>\n<meta property=\"og:image\" content=\"https:\/\/www.madulain.ch\/wp-content\/uploads\/2020\/10\/madulain_chesa_romedi.jpg\" \/>\n\t<meta property=\"og:image:width\" content=\"1440\" \/>\n\t<meta property=\"og:image:height\" content=\"810\" \/>\n\t<meta property=\"og:image:type\" content=\"image\/jpeg\" \/>\n<meta name=\"author\" content=\"vengo ADMIN\" \/>\n<meta name=\"twitter:card\" content=\"summary_large_image\" \/>\n<meta name=\"twitter:label1\" content=\"Scritto da\" \/>\n\t<meta name=\"twitter:data1\" content=\"vengo ADMIN\" \/>\n\t<meta name=\"twitter:label2\" content=\"Tempo di lettura stimato\" \/>\n\t<meta name=\"twitter:data2\" content=\"1 minuto\" \/>\n<script type=\"application\/ld+json\" class=\"yoast-schema-graph\">{\"@context\":\"https:\\\/\\\/schema.org\",\"@graph\":[{\"@type\":\"Article\",\"@id\":\"https:\\\/\\\/www.madulain.ch\\\/gemeindeversammlung-am-26-oktober\\\/#article\",\"isPartOf\":{\"@id\":\"https:\\\/\\\/www.madulain.ch\\\/gemeindeversammlung-am-26-oktober\\\/\"},\"author\":{\"name\":\"vengo ADMIN\",\"@id\":\"https:\\\/\\\/www.madulain.ch\\\/#\\\/schema\\\/person\\\/c48448ed653cdecd2ff83f3a8ef8c105\"},\"headline\":\"Am 26. Oktober in der Chesa Romedi\",\"datePublished\":\"2020-10-15T16:35:31+00:00\",\"dateModified\":\"2020-10-15T17:15:46+00:00\",\"mainEntityOfPage\":{\"@id\":\"https:\\\/\\\/www.madulain.ch\\\/gemeindeversammlung-am-26-oktober\\\/\"},\"wordCount\":131,\"publisher\":{\"@id\":\"https:\\\/\\\/www.madulain.ch\\\/#organization\"},\"image\":{\"@id\":\"https:\\\/\\\/www.madulain.ch\\\/gemeindeversammlung-am-26-oktober\\\/#primaryimage\"},\"thumbnailUrl\":\"https:\\\/\\\/www.madulain.ch\\\/wp-content\\\/uploads\\\/2020\\\/10\\\/madulain_chesa_romedi.jpg\",\"articleSection\":[\"Gemeinde&shy;\u00adversammlung\"],\"inLanguage\":\"it-IT\"},{\"@type\":\"WebPage\",\"@id\":\"https:\\\/\\\/www.madulain.ch\\\/gemeindeversammlung-am-26-oktober\\\/\",\"url\":\"https:\\\/\\\/www.madulain.ch\\\/gemeindeversammlung-am-26-oktober\\\/\",\"name\":\"Am 26. Oktober in der Chesa Romedi - Gemeinde Madulain\",\"isPartOf\":{\"@id\":\"https:\\\/\\\/www.madulain.ch\\\/#website\"},\"primaryImageOfPage\":{\"@id\":\"https:\\\/\\\/www.madulain.ch\\\/gemeindeversammlung-am-26-oktober\\\/#primaryimage\"},\"image\":{\"@id\":\"https:\\\/\\\/www.madulain.ch\\\/gemeindeversammlung-am-26-oktober\\\/#primaryimage\"},\"thumbnailUrl\":\"https:\\\/\\\/www.madulain.ch\\\/wp-content\\\/uploads\\\/2020\\\/10\\\/madulain_chesa_romedi.jpg\",\"datePublished\":\"2020-10-15T16:35:31+00:00\",\"dateModified\":\"2020-10-15T17:15:46+00:00\",\"breadcrumb\":{\"@id\":\"https:\\\/\\\/www.madulain.ch\\\/gemeindeversammlung-am-26-oktober\\\/#breadcrumb\"},\"inLanguage\":\"it-IT\",\"potentialAction\":[{\"@type\":\"ReadAction\",\"target\":[\"https:\\\/\\\/www.madulain.ch\\\/gemeindeversammlung-am-26-oktober\\\/\"]}]},{\"@type\":\"ImageObject\",\"inLanguage\":\"it-IT\",\"@id\":\"https:\\\/\\\/www.madulain.ch\\\/gemeindeversammlung-am-26-oktober\\\/#primaryimage\",\"url\":\"https:\\\/\\\/www.madulain.ch\\\/wp-content\\\/uploads\\\/2020\\\/10\\\/madulain_chesa_romedi.jpg\",\"contentUrl\":\"https:\\\/\\\/www.madulain.ch\\\/wp-content\\\/uploads\\\/2020\\\/10\\\/madulain_chesa_romedi.jpg\",\"width\":1440,\"height\":810},{\"@type\":\"BreadcrumbList\",\"@id\":\"https:\\\/\\\/www.madulain.ch\\\/gemeindeversammlung-am-26-oktober\\\/#breadcrumb\",\"itemListElement\":[{\"@type\":\"ListItem\",\"position\":1,\"name\":\"Madulain\",\"item\":\"https:\\\/\\\/www.madulain.ch\\\/\"},{\"@type\":\"ListItem\",\"position\":2,\"name\":\"Am 26. Oktober in der Chesa Romedi\"}]},{\"@type\":\"WebSite\",\"@id\":\"https:\\\/\\\/www.madulain.ch\\\/#website\",\"url\":\"https:\\\/\\\/www.madulain.ch\\\/\",\"name\":\"Gemeinde Madulain\",\"description\":\"Region Maloja, Engadin - St. Moritz\",\"publisher\":{\"@id\":\"https:\\\/\\\/www.madulain.ch\\\/#organization\"},\"potentialAction\":[{\"@type\":\"SearchAction\",\"target\":{\"@type\":\"EntryPoint\",\"urlTemplate\":\"https:\\\/\\\/www.madulain.ch\\\/?s={search_term_string}\"},\"query-input\":{\"@type\":\"PropertyValueSpecification\",\"valueRequired\":true,\"valueName\":\"search_term_string\"}}],\"inLanguage\":\"it-IT\"},{\"@type\":\"Organization\",\"@id\":\"https:\\\/\\\/www.madulain.ch\\\/#organization\",\"name\":\"Gemeinde Madulain\",\"url\":\"https:\\\/\\\/www.madulain.ch\\\/\",\"logo\":{\"@type\":\"ImageObject\",\"inLanguage\":\"it-IT\",\"@id\":\"https:\\\/\\\/www.madulain.ch\\\/#\\\/schema\\\/logo\\\/image\\\/\",\"url\":\"https:\\\/\\\/www.madulain.ch\\\/wp-content\\\/uploads\\\/2019\\\/08\\\/madulain_logo_black.png\",\"contentUrl\":\"https:\\\/\\\/www.madulain.ch\\\/wp-content\\\/uploads\\\/2019\\\/08\\\/madulain_logo_black.png\",\"width\":500,\"height\":129,\"caption\":\"Gemeinde Madulain\"},\"image\":{\"@id\":\"https:\\\/\\\/www.madulain.ch\\\/#\\\/schema\\\/logo\\\/image\\\/\"}},{\"@type\":\"Person\",\"@id\":\"https:\\\/\\\/www.madulain.ch\\\/#\\\/schema\\\/person\\\/c48448ed653cdecd2ff83f3a8ef8c105\",\"name\":\"vengo ADMIN\",\"image\":{\"@type\":\"ImageObject\",\"inLanguage\":\"it-IT\",\"@id\":\"https:\\\/\\\/secure.gravatar.com\\\/avatar\\\/de38c1b4ba8f14334fc485bb4732a627551688a773ca6aa101bf28a73f595f7d?s=96&d=mm&r=g\",\"url\":\"https:\\\/\\\/secure.gravatar.com\\\/avatar\\\/de38c1b4ba8f14334fc485bb4732a627551688a773ca6aa101bf28a73f595f7d?s=96&d=mm&r=g\",\"contentUrl\":\"https:\\\/\\\/secure.gravatar.com\\\/avatar\\\/de38c1b4ba8f14334fc485bb4732a627551688a773ca6aa101bf28a73f595f7d?s=96&d=mm&r=g\",\"caption\":\"vengo ADMIN\"}}]}<\/script>\n<!-- \/ Yoast SEO plugin. -->","yoast_head_json":{"title":"Il 26 ottobre nella parrocchia di Chesa Romedi - Madulain","robots":{"index":"index","follow":"follow","max-snippet":"max-snippet:-1","max-image-preview":"max-image-preview:large","max-video-preview":"max-video-preview:-1"},"canonical":"https:\/\/www.madulain.ch\/it\/community-meeting-on-ottobre-26th\/","og_locale":"it_IT","og_type":"article","og_title":"Am 26. Oktober in der Chesa Romedi - Gemeinde Madulain","og_description":"Am Montag, 26. Oktober 2020 ist Gemeindeversammlung. Achtung, die Versammlung findet im grossen Saal der Chesa Romedi statt und nicht [...]","og_url":"https:\/\/www.madulain.ch\/it\/community-meeting-on-ottobre-26th\/","og_site_name":"Gemeinde Madulain","article_published_time":"2020-10-15T16:35:31+00:00","article_modified_time":"2020-10-15T17:15:46+00:00","og_image":[{"width":1440,"height":810,"url":"https:\/\/www.madulain.ch\/wp-content\/uploads\/2020\/10\/madulain_chesa_romedi.jpg","type":"image\/jpeg"}],"author":"vengo ADMIN","twitter_card":"summary_large_image","twitter_misc":{"Scritto da":"vengo ADMIN","Tempo di lettura stimato":"1 minuto"},"schema":{"@context":"https:\/\/schema.org","@graph":[{"@type":"Article","@id":"https:\/\/www.madulain.ch\/gemeindeversammlung-am-26-oktober\/#article","isPartOf":{"@id":"https:\/\/www.madulain.ch\/gemeindeversammlung-am-26-oktober\/"},"author":{"name":"vengo ADMIN","@id":"https:\/\/www.madulain.ch\/#\/schema\/person\/c48448ed653cdecd2ff83f3a8ef8c105"},"headline":"Am 26. Oktober in der Chesa Romedi","datePublished":"2020-10-15T16:35:31+00:00","dateModified":"2020-10-15T17:15:46+00:00","mainEntityOfPage":{"@id":"https:\/\/www.madulain.ch\/gemeindeversammlung-am-26-oktober\/"},"wordCount":131,"publisher":{"@id":"https:\/\/www.madulain.ch\/#organization"},"image":{"@id":"https:\/\/www.madulain.ch\/gemeindeversammlung-am-26-oktober\/#primaryimage"},"thumbnailUrl":"https:\/\/www.madulain.ch\/wp-content\/uploads\/2020\/10\/madulain_chesa_romedi.jpg","articleSection":["Gemeinde&shy;\u00adversammlung"],"inLanguage":"it-IT"},{"@type":"WebPage","@id":"https:\/\/www.madulain.ch\/gemeindeversammlung-am-26-oktober\/","url":"https:\/\/www.madulain.ch\/gemeindeversammlung-am-26-oktober\/","name":"Il 26 ottobre nella parrocchia di Chesa Romedi - Madulain","isPartOf":{"@id":"https:\/\/www.madulain.ch\/#website"},"primaryImageOfPage":{"@id":"https:\/\/www.madulain.ch\/gemeindeversammlung-am-26-oktober\/#primaryimage"},"image":{"@id":"https:\/\/www.madulain.ch\/gemeindeversammlung-am-26-oktober\/#primaryimage"},"thumbnailUrl":"https:\/\/www.madulain.ch\/wp-content\/uploads\/2020\/10\/madulain_chesa_romedi.jpg","datePublished":"2020-10-15T16:35:31+00:00","dateModified":"2020-10-15T17:15:46+00:00","breadcrumb":{"@id":"https:\/\/www.madulain.ch\/gemeindeversammlung-am-26-oktober\/#breadcrumb"},"inLanguage":"it-IT","potentialAction":[{"@type":"ReadAction","target":["https:\/\/www.madulain.ch\/gemeindeversammlung-am-26-oktober\/"]}]},{"@type":"ImageObject","inLanguage":"it-IT","@id":"https:\/\/www.madulain.ch\/gemeindeversammlung-am-26-oktober\/#primaryimage","url":"https:\/\/www.madulain.ch\/wp-content\/uploads\/2020\/10\/madulain_chesa_romedi.jpg","contentUrl":"https:\/\/www.madulain.ch\/wp-content\/uploads\/2020\/10\/madulain_chesa_romedi.jpg","width":1440,"height":810},{"@type":"BreadcrumbList","@id":"https:\/\/www.madulain.ch\/gemeindeversammlung-am-26-oktober\/#breadcrumb","itemListElement":[{"@type":"ListItem","position":1,"name":"Madulain","item":"https:\/\/www.madulain.ch\/"},{"@type":"ListItem","position":2,"name":"Am 26. Oktober in der Chesa Romedi"}]},{"@type":"WebSite","@id":"https:\/\/www.madulain.ch\/#website","url":"https:\/\/www.madulain.ch\/","name":"Comune di Madulain","description":"Regione di Maloja, Engadina - St. Moritz","publisher":{"@id":"https:\/\/www.madulain.ch\/#organization"},"potentialAction":[{"@type":"SearchAction","target":{"@type":"EntryPoint","urlTemplate":"https:\/\/www.madulain.ch\/?s={search_term_string}"},"query-input":{"@type":"PropertyValueSpecification","valueRequired":true,"valueName":"search_term_string"}}],"inLanguage":"it-IT"},{"@type":"Organization","@id":"https:\/\/www.madulain.ch\/#organization","name":"Comune di Madulain","url":"https:\/\/www.madulain.ch\/","logo":{"@type":"ImageObject","inLanguage":"it-IT","@id":"https:\/\/www.madulain.ch\/#\/schema\/logo\/image\/","url":"https:\/\/www.madulain.ch\/wp-content\/uploads\/2019\/08\/madulain_logo_black.png","contentUrl":"https:\/\/www.madulain.ch\/wp-content\/uploads\/2019\/08\/madulain_logo_black.png","width":500,"height":129,"caption":"Gemeinde Madulain"},"image":{"@id":"https:\/\/www.madulain.ch\/#\/schema\/logo\/image\/"}},{"@type":"Person","@id":"https:\/\/www.madulain.ch\/#\/schema\/person\/c48448ed653cdecd2ff83f3a8ef8c105","name":"vengo AMMINISTRATORE","image":{"@type":"ImageObject","inLanguage":"it-IT","@id":"https:\/\/secure.gravatar.com\/avatar\/de38c1b4ba8f14334fc485bb4732a627551688a773ca6aa101bf28a73f595f7d?s=96&d=mm&r=g","url":"https:\/\/secure.gravatar.com\/avatar\/de38c1b4ba8f14334fc485bb4732a627551688a773ca6aa101bf28a73f595f7d?s=96&d=mm&r=g","contentUrl":"https:\/\/secure.gravatar.com\/avatar\/de38c1b4ba8f14334fc485bb4732a627551688a773ca6aa101bf28a73f595f7d?s=96&d=mm&r=g","caption":"vengo ADMIN"}}]}},"_links":{"self":[{"href":"https:\/\/www.madulain.ch\/it\/wp-json\/wp\/v2\/posts\/4132","targetHints":{"allow":["GET"]}}],"collection":[{"href":"https:\/\/www.madulain.ch\/it\/wp-json\/wp\/v2\/posts"}],"about":[{"href":"https:\/\/www.madulain.ch\/it\/wp-json\/wp\/v2\/types\/post"}],"author":[{"embeddable":true,"href":"https:\/\/www.madulain.ch\/it\/wp-json\/wp\/v2\/users\/2"}],"replies":[{"embeddable":true,"href":"https:\/\/www.madulain.ch\/it\/wp-json\/wp\/v2\/comments?post=4132"}],"version-history":[{"count":0,"href":"https:\/\/www.madulain.ch\/it\/wp-json\/wp\/v2\/posts\/4132\/revisions"}],"wp:featuredmedia":[{"embeddable":true,"href":"https:\/\/www.madulain.ch\/it\/wp-json\/wp\/v2\/media\/4133"}],"wp:attachment":[{"href":"https:\/\/www.madulain.ch\/it\/wp-json\/wp\/v2\/media?parent=4132"}],"wp:term":[{"taxonomy":"category","embeddable":true,"href":"https:\/\/www.madulain.ch\/it\/wp-json\/wp\/v2\/categories?post=4132"},{"taxonomy":"post_tag","embeddable":true,"href":"https:\/\/www.madulain.ch\/it\/wp-json\/wp\/v2\/tags?post=4132"}],"curies":[{"name":"wp","href":"https:\/\/api.w.org\/{rel}","templated":true}]}}