{"id":4328,"date":"2020-12-04T14:04:18","date_gmt":"2020-12-04T12:04:18","guid":{"rendered":"https:\/\/www.madulain.ch\/?p=4328"},"modified":"2020-12-04T14:18:18","modified_gmt":"2020-12-04T12:18:18","slug":"area-test-nella-regione-suedbuenden","status":"publish","type":"post","link":"https:\/\/www.madulain.ch\/it\/flaechentest-in-der-region-suedbuenden\/","title":{"rendered":"Test di superficie nella regione meridionale dei Grigioni"},"content":{"rendered":"<p><strong>Il Cantone ha emanato nuove misure di protezione restrittive. Gli esercizi di ristorazione devono chiudere per due settimane. Nel sud dei Grigioni, tra l&#039;11 e il 13 dicembre 2020, anche l&#039;intera popolazione sar\u00e0 sottoposta a test per il virus corona, su base volontaria.<\/strong><\/p>\n<p>Saranno chiusi anche i luoghi di intrattenimento e svago come cinema, teatri, musei, biblioteche, locali, centri benessere e impianti sportivi sul ghiaccio. Sono vietati incontri, assembramenti ed eventi con pi\u00f9 di dieci persone, sia in spazi privati che pubblici. Sono esclusi gli eventi politici, le funzioni religiose e i funerali, con il rigoroso rispetto dei concetti di protezione. La situazione verr\u00e0 riesaminata marted\u00ec 15 dicembre 2020.<\/p>\n<p><strong><em>La comunicazione del governo cantonale di venerd\u00ec 4 dicembre 2020 nella dicitura:<\/em><\/strong><\/p>\n<h3><strong>Coronavirus: il governo decide il concetto generale di protezione dei Grigioni<\/strong><\/h3>\n<p><strong>Il governo ha adottato un concetto generale di protezione per le festivit\u00e0 natalizie e la stagione invernale. Comprende misure restrittive temporanee in relazione a raduni, eventi pubblici e privati e esercizi di ristorazione. Per le regioni del cantone particolarmente colpite dal Covid-19 \u00e8 in corso di attuazione una strategia globale di test.<\/strong><\/p>\n<p>Il concetto generale di protezione dei Grigioni mira a contenere la pandemia, garantire la stagione invernale nelle regioni turistiche e consentire feste private a Natale e Capodanno.<\/p>\n<p><strong>Grigioni con numeri di casi elevati<\/strong> <br \/>Il numero di casi \u00e8 diminuito solo leggermente in tutta la Svizzera negli ultimi giorni. Nei Grigioni i numeri sono addirittura in lieve aumento o ristagnano a un livello elevato. Attualmente ci sono 766 persone in isolamento e 1.065 in quarantena nel cantone. Il numero dei decessi \u00e8 pi\u00f9 che raddoppiato da ottobre. Oltre la met\u00e0 delle persone che sono risultate positive non sa dove sono state infettate.<\/p>\n<p>Ogni giorno nel Cantone vengono registrati in media circa 100 nuovi casi. Il numero medio di riproduzioni nei Grigioni \u00e8 1.02. Ci\u00f2 significa che ogni persona che risulta positiva infetta pi\u00f9 di un&#039;altra persona. Questo \u00e8 il quarto numero pi\u00f9 alto di riproduzioni in Svizzera. Senza ulteriori misure, c&#039;\u00e8 un rischio particolare che gli ospedali raggiungano i loro limiti nella stagione invernale.<\/p>\n<p><strong>Pacchetto di misure<\/strong> <br \/>Sulla base di questa situazione iniziale, il personale direttivo cantonale (KFS) ha sviluppato su incarico del governo un piano di protezione globale per far fronte alla pandemia di COVID-19. Da venerd\u00ec 4 dicembre a venerd\u00ec 18 dicembre si applicano le seguenti misure:<\/p>\n<ul>\n<li>Sono vietati assembramenti e riunioni di pi\u00f9 di 10 persone in spazi privati e pubblici.<\/li>\n<li>Sono vietati gli eventi e le attivit\u00e0 con pi\u00f9 di 10 persone in spazi pubblici e privati. Sono esclusi gli eventi e gli incontri politici. Le funzioni religiose e i funerali possono essere celebrati con un massimo di 50 persone nel rigoroso rispetto delle regole del distanziamento sociale e nel rispetto dei concetti di tutela.<\/li>\n<li>Ristoranti e ristoranti, compresi quelli nelle aree sciistiche, rimarranno chiusi fino al 18 dicembre 2020. Esistono eccezioni per attivit\u00e0 da asporto, consegne a domicilio, mense e ristoranti di hotel per gli ospiti dell&#039;hotel, tra gli altri<\/li>\n<li>Restano chiusi i luoghi di intrattenimento e svago come cinema, teatri, musei, biblioteche, club, centri benessere, impianti sportivi sul ghiaccio, ecc. Fanno eccezione le strutture ricreative e di benessere all&#039;aperto per gli ospiti dell&#039;hotel.<\/li>\n<li>Sono vietate le attivit\u00e0 sportive in spazi pubblici e privati con pi\u00f9 di 10 persone. Fanno eccezione le attivit\u00e0 sportive con bambini di et\u00e0 inferiore ai 16 anni e gli sport professionistici.<\/li>\n<li>Nelle scuole pubbliche e private \u00e8 obbligatoria la mascherina in tutti i locali della scuola fino al 23 dicembre 2020. Sono esclusi gli scolari degli asili nido e delle scuole primarie.<\/li>\n<\/ul>\n<p>Marted\u00ec 15 dicembre 2020 la situazione verr\u00e0 rivalutata e si decider\u00e0 come procedere. Le disposizioni dettagliate sono contenute nella delibera del governo allegata.<\/p>\n<p><strong>L&#039;industria interessata riceve supporto<\/strong><br \/>Poich\u00e9 si tratta di misure ufficiali a breve termine, tutte le aziende interessate hanno diritto a un&#039;indennit\u00e0 per lavoro ridotto. Non \u00e8 previsto un periodo di attesa di dieci giorni. Il diritto decorre dal giorno della presentazione della domanda. Non vi \u00e8 alcuna pretesa retroattiva: \u00e8 quindi importante che <a href=\"https:\/\/www.gr.ch\/DE\/institutionen\/verwaltung\/dvs\/kiga\/Seiten\/home.aspx\" target=\"_blank\" rel=\"noopener noreferrer\">Richiesta<\/a> da presentare quanto prima. Inoltre, ai sensi dell&#039;ordinanza Covid 19 della Confederazione, le persone colpite hanno diritto a un risarcimento per i loro redditi da coronavirus, poich\u00e9 si tratta ufficialmente di chiusure di aziende cantonali. Il diritto al risarcimento deve essere presentato all&#039;ufficio di compensazione responsabile della persona avente diritto utilizzando il modulo &quot;Registrazione per risarcimento Corona per perdita di reddito&quot;.<\/p>\n<p>Inoltre, il Cantone dei Grigioni sosterr\u00e0 le imprese particolarmente colpite ai sensi dell&#039;ordinanza federale sul disagio sotto forma di contributi a fondo perduto. I dettagli sull&#039;ordinanza sui disagi saranno forniti a met\u00e0 dicembre.<\/p>\n<p><strong>Nuova strategia di test per i Grigioni <\/strong><br \/>Oltre alle restrizioni alla vita pubblica, la strategia complessiva prevede test di area e di controllo. Nell&#039;ambito di un progetto pilota tra l&#039;11 e il 13 dicembre 2020, l&#039;intera popolazione sar\u00e0 testata su base volontaria nel Maloja (grande regione turistica), nel Bernina (alto numero di casi) e nell&#039;Engiadina Bassa \/ Val M\u00fcstair. Questo anche al fine di ricevere un&#039;istantanea delle persone asintomatiche e poter avviare misure mirate. Questo progetto pilota crea anche il punto di partenza per l&#039;effettuazione di un test di superficie in tutto il Cantone, se necessario (ulteriore o nuovo peggioramento del numero di casi).<\/p>\n<p>Inoltre, nelle aziende ferroviarie di montagna o alberghiere, nelle professioni sanitarie, negli insegnanti o in altri gruppi professionali con molti contatti sociali, nonch\u00e9 nei visitatori di case di cura e ospedali, devono essere effettuati nuovi test periodici e sistematici. Questo aiuta a identificare le persone asintomatiche e a spezzare le catene di infezione.<\/p>","protected":false},"excerpt":{"rendered":"<p>Der Kanton hat neue und einschr\u00e4nkende Schutzmassnahmen verordnet. Gastronomiebetriebe m\u00fcssen f\u00fcr zwei Wochen schliessen. In S\u00fcdb\u00fcnden wird zudem die gesamte [&#8230;]<\/p>\n","protected":false},"author":2,"featured_media":4330,"comment_status":"closed","ping_status":"closed","sticky":false,"template":"","format":"standard","meta":{"_relevanssi_hide_post":"","_relevanssi_hide_content":"","_relevanssi_pin_for_all":"","_relevanssi_pin_keywords":"","_relevanssi_unpin_keywords":"","_relevanssi_related_keywords":"","_relevanssi_related_include_ids":"","_relevanssi_related_exclude_ids":"","_relevanssi_related_no_append":"","_relevanssi_related_not_related":"","_relevanssi_related_posts":"","_relevanssi_noindex_reason":"","site-sidebar-layout":"default","site-content-layout":"default","ast-site-content-layout":"default","site-content-style":"default","site-sidebar-style":"default","ast-global-header-display":"","ast-banner-title-visibility":"","ast-main-header-display":"","ast-hfb-above-header-display":"","ast-hfb-below-header-display":"","ast-hfb-mobile-header-display":"","site-post-title":"","ast-breadcrumbs-content":"","ast-featured-img":"","footer-sml-layout":"","ast-disable-related-posts":"","theme-transparent-header-meta":"default","adv-header-id-meta":"","stick-header-meta":"","header-above-stick-meta":"","header-main-stick-meta":"","header-below-stick-meta":"","astra-migrate-meta-layouts":"default","ast-page-background-enabled":"default","ast-page-background-meta":{"desktop":{"background-color":"","background-image":"","background-repeat":"repeat","background-position":"center center","background-size":"auto","background-attachment":"scroll","background-type":"","background-media":"","overlay-type":"","overlay-color":"","overlay-opacity":"","overlay-gradient":""},"tablet":{"background-color":"","background-image":"","background-repeat":"repeat","background-position":"center center","background-size":"auto","background-attachment":"scroll","background-type":"","background-media":"","overlay-type":"","overlay-color":"","overlay-opacity":"","overlay-gradient":""},"mobile":{"background-color":"","background-image":"","background-repeat":"repeat","background-position":"center center","background-size":"auto","background-attachment":"scroll","background-type":"","background-media":"","overlay-type":"","overlay-color":"","overlay-opacity":"","overlay-gradient":""}},"ast-content-background-meta":{"desktop":{"background-color":"var(--ast-global-color-5)","background-image":"","background-repeat":"repeat","background-position":"center center","background-size":"auto","background-attachment":"scroll","background-type":"","background-media":"","overlay-type":"","overlay-color":"","overlay-opacity":"","overlay-gradient":""},"tablet":{"background-color":"var(--ast-global-color-5)","background-image":"","background-repeat":"repeat","background-position":"center center","background-size":"auto","background-attachment":"scroll","background-type":"","background-media":"","overlay-type":"","overlay-color":"","overlay-opacity":"","overlay-gradient":""},"mobile":{"background-color":"var(--ast-global-color-5)","background-image":"","background-repeat":"repeat","background-position":"center center","background-size":"auto","background-attachment":"scroll","background-type":"","background-media":"","overlay-type":"","overlay-color":"","overlay-opacity":"","overlay-gradient":""}},"footnotes":""},"categories":[61],"tags":[],"class_list":["post-4328","post","type-post","status-publish","format-standard","has-post-thumbnail","hentry","category-coronavirus"],"yoast_head":"<!-- This site is optimized with the Yoast SEO plugin v27.4 - https:\/\/yoast.com\/product\/yoast-seo-wordpress\/ -->\n<title>Fl\u00e4chentests in der Region S\u00fcdb\u00fcnden - Gemeinde Madulain<\/title>\n<meta name=\"robots\" content=\"index, follow, max-snippet:-1, max-image-preview:large, max-video-preview:-1\" \/>\n<link rel=\"canonical\" href=\"https:\/\/www.madulain.ch\/it\/area-test-nella-regione-suedbuenden\/\" \/>\n<meta property=\"og:locale\" content=\"it_IT\" \/>\n<meta property=\"og:type\" content=\"article\" \/>\n<meta property=\"og:title\" content=\"Fl\u00e4chentests in der Region S\u00fcdb\u00fcnden - Gemeinde Madulain\" \/>\n<meta property=\"og:description\" content=\"Der Kanton hat neue und einschr\u00e4nkende Schutzmassnahmen verordnet. Gastronomiebetriebe m\u00fcssen f\u00fcr zwei Wochen schliessen. In S\u00fcdb\u00fcnden wird zudem die gesamte [...]\" \/>\n<meta property=\"og:url\" content=\"https:\/\/www.madulain.ch\/it\/area-test-nella-regione-suedbuenden\/\" \/>\n<meta property=\"og:site_name\" content=\"Gemeinde Madulain\" \/>\n<meta property=\"article:published_time\" content=\"2020-12-04T12:04:18+00:00\" \/>\n<meta property=\"article:modified_time\" content=\"2020-12-04T12:18:18+00:00\" \/>\n<meta property=\"og:image\" content=\"https:\/\/www.madulain.ch\/wp-content\/uploads\/2020\/12\/covid-test-2.jpg\" \/>\n\t<meta property=\"og:image:width\" content=\"1440\" \/>\n\t<meta property=\"og:image:height\" content=\"810\" \/>\n\t<meta property=\"og:image:type\" content=\"image\/jpeg\" \/>\n<meta name=\"author\" content=\"vengo ADMIN\" \/>\n<meta name=\"twitter:card\" content=\"summary_large_image\" \/>\n<meta name=\"twitter:label1\" content=\"Scritto da\" \/>\n\t<meta name=\"twitter:data1\" content=\"vengo ADMIN\" \/>\n\t<meta name=\"twitter:label2\" content=\"Tempo di lettura stimato\" \/>\n\t<meta name=\"twitter:data2\" content=\"4 minuti\" \/>\n<script type=\"application\/ld+json\" class=\"yoast-schema-graph\">{\"@context\":\"https:\\\/\\\/schema.org\",\"@graph\":[{\"@type\":\"Article\",\"@id\":\"https:\\\/\\\/www.madulain.ch\\\/flaechentest-in-der-region-suedbuenden\\\/#article\",\"isPartOf\":{\"@id\":\"https:\\\/\\\/www.madulain.ch\\\/flaechentest-in-der-region-suedbuenden\\\/\"},\"author\":{\"name\":\"vengo ADMIN\",\"@id\":\"https:\\\/\\\/www.madulain.ch\\\/#\\\/schema\\\/person\\\/c48448ed653cdecd2ff83f3a8ef8c105\"},\"headline\":\"Fl\u00e4chentests in der Region S\u00fcdb\u00fcnden\",\"datePublished\":\"2020-12-04T12:04:18+00:00\",\"dateModified\":\"2020-12-04T12:18:18+00:00\",\"mainEntityOfPage\":{\"@id\":\"https:\\\/\\\/www.madulain.ch\\\/flaechentest-in-der-region-suedbuenden\\\/\"},\"wordCount\":822,\"publisher\":{\"@id\":\"https:\\\/\\\/www.madulain.ch\\\/#organization\"},\"image\":{\"@id\":\"https:\\\/\\\/www.madulain.ch\\\/flaechentest-in-der-region-suedbuenden\\\/#primaryimage\"},\"thumbnailUrl\":\"https:\\\/\\\/www.madulain.ch\\\/wp-content\\\/uploads\\\/2020\\\/12\\\/covid-test-2.jpg\",\"articleSection\":[\"Coronavirus\"],\"inLanguage\":\"it-IT\"},{\"@type\":\"WebPage\",\"@id\":\"https:\\\/\\\/www.madulain.ch\\\/flaechentest-in-der-region-suedbuenden\\\/\",\"url\":\"https:\\\/\\\/www.madulain.ch\\\/flaechentest-in-der-region-suedbuenden\\\/\",\"name\":\"Fl\u00e4chentests in der Region S\u00fcdb\u00fcnden - Gemeinde Madulain\",\"isPartOf\":{\"@id\":\"https:\\\/\\\/www.madulain.ch\\\/#website\"},\"primaryImageOfPage\":{\"@id\":\"https:\\\/\\\/www.madulain.ch\\\/flaechentest-in-der-region-suedbuenden\\\/#primaryimage\"},\"image\":{\"@id\":\"https:\\\/\\\/www.madulain.ch\\\/flaechentest-in-der-region-suedbuenden\\\/#primaryimage\"},\"thumbnailUrl\":\"https:\\\/\\\/www.madulain.ch\\\/wp-content\\\/uploads\\\/2020\\\/12\\\/covid-test-2.jpg\",\"datePublished\":\"2020-12-04T12:04:18+00:00\",\"dateModified\":\"2020-12-04T12:18:18+00:00\",\"breadcrumb\":{\"@id\":\"https:\\\/\\\/www.madulain.ch\\\/flaechentest-in-der-region-suedbuenden\\\/#breadcrumb\"},\"inLanguage\":\"it-IT\",\"potentialAction\":[{\"@type\":\"ReadAction\",\"target\":[\"https:\\\/\\\/www.madulain.ch\\\/flaechentest-in-der-region-suedbuenden\\\/\"]}]},{\"@type\":\"ImageObject\",\"inLanguage\":\"it-IT\",\"@id\":\"https:\\\/\\\/www.madulain.ch\\\/flaechentest-in-der-region-suedbuenden\\\/#primaryimage\",\"url\":\"https:\\\/\\\/www.madulain.ch\\\/wp-content\\\/uploads\\\/2020\\\/12\\\/covid-test-2.jpg\",\"contentUrl\":\"https:\\\/\\\/www.madulain.ch\\\/wp-content\\\/uploads\\\/2020\\\/12\\\/covid-test-2.jpg\",\"width\":1440,\"height\":810},{\"@type\":\"BreadcrumbList\",\"@id\":\"https:\\\/\\\/www.madulain.ch\\\/flaechentest-in-der-region-suedbuenden\\\/#breadcrumb\",\"itemListElement\":[{\"@type\":\"ListItem\",\"position\":1,\"name\":\"Madulain\",\"item\":\"https:\\\/\\\/www.madulain.ch\\\/\"},{\"@type\":\"ListItem\",\"position\":2,\"name\":\"Fl\u00e4chentests in der Region S\u00fcdb\u00fcnden\"}]},{\"@type\":\"WebSite\",\"@id\":\"https:\\\/\\\/www.madulain.ch\\\/#website\",\"url\":\"https:\\\/\\\/www.madulain.ch\\\/\",\"name\":\"Gemeinde Madulain\",\"description\":\"Region Maloja, Engadin - St. Moritz\",\"publisher\":{\"@id\":\"https:\\\/\\\/www.madulain.ch\\\/#organization\"},\"potentialAction\":[{\"@type\":\"SearchAction\",\"target\":{\"@type\":\"EntryPoint\",\"urlTemplate\":\"https:\\\/\\\/www.madulain.ch\\\/?s={search_term_string}\"},\"query-input\":{\"@type\":\"PropertyValueSpecification\",\"valueRequired\":true,\"valueName\":\"search_term_string\"}}],\"inLanguage\":\"it-IT\"},{\"@type\":\"Organization\",\"@id\":\"https:\\\/\\\/www.madulain.ch\\\/#organization\",\"name\":\"Gemeinde Madulain\",\"url\":\"https:\\\/\\\/www.madulain.ch\\\/\",\"logo\":{\"@type\":\"ImageObject\",\"inLanguage\":\"it-IT\",\"@id\":\"https:\\\/\\\/www.madulain.ch\\\/#\\\/schema\\\/logo\\\/image\\\/\",\"url\":\"https:\\\/\\\/www.madulain.ch\\\/wp-content\\\/uploads\\\/2019\\\/08\\\/madulain_logo_black.png\",\"contentUrl\":\"https:\\\/\\\/www.madulain.ch\\\/wp-content\\\/uploads\\\/2019\\\/08\\\/madulain_logo_black.png\",\"width\":500,\"height\":129,\"caption\":\"Gemeinde Madulain\"},\"image\":{\"@id\":\"https:\\\/\\\/www.madulain.ch\\\/#\\\/schema\\\/logo\\\/image\\\/\"}},{\"@type\":\"Person\",\"@id\":\"https:\\\/\\\/www.madulain.ch\\\/#\\\/schema\\\/person\\\/c48448ed653cdecd2ff83f3a8ef8c105\",\"name\":\"vengo ADMIN\",\"image\":{\"@type\":\"ImageObject\",\"inLanguage\":\"it-IT\",\"@id\":\"https:\\\/\\\/secure.gravatar.com\\\/avatar\\\/de38c1b4ba8f14334fc485bb4732a627551688a773ca6aa101bf28a73f595f7d?s=96&d=mm&r=g\",\"url\":\"https:\\\/\\\/secure.gravatar.com\\\/avatar\\\/de38c1b4ba8f14334fc485bb4732a627551688a773ca6aa101bf28a73f595f7d?s=96&d=mm&r=g\",\"contentUrl\":\"https:\\\/\\\/secure.gravatar.com\\\/avatar\\\/de38c1b4ba8f14334fc485bb4732a627551688a773ca6aa101bf28a73f595f7d?s=96&d=mm&r=g\",\"caption\":\"vengo ADMIN\"}}]}<\/script>\n<!-- \/ Yoast SEO plugin. -->","yoast_head_json":{"title":"Test di area nel sud dei Grigioni - Comune di Madulain","robots":{"index":"index","follow":"follow","max-snippet":"max-snippet:-1","max-image-preview":"max-image-preview:large","max-video-preview":"max-video-preview:-1"},"canonical":"https:\/\/www.madulain.ch\/it\/area-test-nella-regione-suedbuenden\/","og_locale":"it_IT","og_type":"article","og_title":"Fl\u00e4chentests in der Region S\u00fcdb\u00fcnden - Gemeinde Madulain","og_description":"Der Kanton hat neue und einschr\u00e4nkende Schutzmassnahmen verordnet. Gastronomiebetriebe m\u00fcssen f\u00fcr zwei Wochen schliessen. In S\u00fcdb\u00fcnden wird zudem die gesamte [...]","og_url":"https:\/\/www.madulain.ch\/it\/area-test-nella-regione-suedbuenden\/","og_site_name":"Gemeinde Madulain","article_published_time":"2020-12-04T12:04:18+00:00","article_modified_time":"2020-12-04T12:18:18+00:00","og_image":[{"width":1440,"height":810,"url":"https:\/\/www.madulain.ch\/wp-content\/uploads\/2020\/12\/covid-test-2.jpg","type":"image\/jpeg"}],"author":"vengo ADMIN","twitter_card":"summary_large_image","twitter_misc":{"Scritto da":"vengo ADMIN","Tempo di lettura stimato":"4 minuti"},"schema":{"@context":"https:\/\/schema.org","@graph":[{"@type":"Article","@id":"https:\/\/www.madulain.ch\/flaechentest-in-der-region-suedbuenden\/#article","isPartOf":{"@id":"https:\/\/www.madulain.ch\/flaechentest-in-der-region-suedbuenden\/"},"author":{"name":"vengo ADMIN","@id":"https:\/\/www.madulain.ch\/#\/schema\/person\/c48448ed653cdecd2ff83f3a8ef8c105"},"headline":"Fl\u00e4chentests in der Region S\u00fcdb\u00fcnden","datePublished":"2020-12-04T12:04:18+00:00","dateModified":"2020-12-04T12:18:18+00:00","mainEntityOfPage":{"@id":"https:\/\/www.madulain.ch\/flaechentest-in-der-region-suedbuenden\/"},"wordCount":822,"publisher":{"@id":"https:\/\/www.madulain.ch\/#organization"},"image":{"@id":"https:\/\/www.madulain.ch\/flaechentest-in-der-region-suedbuenden\/#primaryimage"},"thumbnailUrl":"https:\/\/www.madulain.ch\/wp-content\/uploads\/2020\/12\/covid-test-2.jpg","articleSection":["Coronavirus"],"inLanguage":"it-IT"},{"@type":"WebPage","@id":"https:\/\/www.madulain.ch\/flaechentest-in-der-region-suedbuenden\/","url":"https:\/\/www.madulain.ch\/flaechentest-in-der-region-suedbuenden\/","name":"Test di area nel sud dei Grigioni - Comune di Madulain","isPartOf":{"@id":"https:\/\/www.madulain.ch\/#website"},"primaryImageOfPage":{"@id":"https:\/\/www.madulain.ch\/flaechentest-in-der-region-suedbuenden\/#primaryimage"},"image":{"@id":"https:\/\/www.madulain.ch\/flaechentest-in-der-region-suedbuenden\/#primaryimage"},"thumbnailUrl":"https:\/\/www.madulain.ch\/wp-content\/uploads\/2020\/12\/covid-test-2.jpg","datePublished":"2020-12-04T12:04:18+00:00","dateModified":"2020-12-04T12:18:18+00:00","breadcrumb":{"@id":"https:\/\/www.madulain.ch\/flaechentest-in-der-region-suedbuenden\/#breadcrumb"},"inLanguage":"it-IT","potentialAction":[{"@type":"ReadAction","target":["https:\/\/www.madulain.ch\/flaechentest-in-der-region-suedbuenden\/"]}]},{"@type":"ImageObject","inLanguage":"it-IT","@id":"https:\/\/www.madulain.ch\/flaechentest-in-der-region-suedbuenden\/#primaryimage","url":"https:\/\/www.madulain.ch\/wp-content\/uploads\/2020\/12\/covid-test-2.jpg","contentUrl":"https:\/\/www.madulain.ch\/wp-content\/uploads\/2020\/12\/covid-test-2.jpg","width":1440,"height":810},{"@type":"BreadcrumbList","@id":"https:\/\/www.madulain.ch\/flaechentest-in-der-region-suedbuenden\/#breadcrumb","itemListElement":[{"@type":"ListItem","position":1,"name":"Madulain","item":"https:\/\/www.madulain.ch\/"},{"@type":"ListItem","position":2,"name":"Fl\u00e4chentests in der Region S\u00fcdb\u00fcnden"}]},{"@type":"WebSite","@id":"https:\/\/www.madulain.ch\/#website","url":"https:\/\/www.madulain.ch\/","name":"Comune di Madulain","description":"Regione di Maloja, Engadina - St. Moritz","publisher":{"@id":"https:\/\/www.madulain.ch\/#organization"},"potentialAction":[{"@type":"SearchAction","target":{"@type":"EntryPoint","urlTemplate":"https:\/\/www.madulain.ch\/?s={search_term_string}"},"query-input":{"@type":"PropertyValueSpecification","valueRequired":true,"valueName":"search_term_string"}}],"inLanguage":"it-IT"},{"@type":"Organization","@id":"https:\/\/www.madulain.ch\/#organization","name":"Comune di Madulain","url":"https:\/\/www.madulain.ch\/","logo":{"@type":"ImageObject","inLanguage":"it-IT","@id":"https:\/\/www.madulain.ch\/#\/schema\/logo\/image\/","url":"https:\/\/www.madulain.ch\/wp-content\/uploads\/2019\/08\/madulain_logo_black.png","contentUrl":"https:\/\/www.madulain.ch\/wp-content\/uploads\/2019\/08\/madulain_logo_black.png","width":500,"height":129,"caption":"Gemeinde Madulain"},"image":{"@id":"https:\/\/www.madulain.ch\/#\/schema\/logo\/image\/"}},{"@type":"Person","@id":"https:\/\/www.madulain.ch\/#\/schema\/person\/c48448ed653cdecd2ff83f3a8ef8c105","name":"vengo AMMINISTRATORE","image":{"@type":"ImageObject","inLanguage":"it-IT","@id":"https:\/\/secure.gravatar.com\/avatar\/de38c1b4ba8f14334fc485bb4732a627551688a773ca6aa101bf28a73f595f7d?s=96&d=mm&r=g","url":"https:\/\/secure.gravatar.com\/avatar\/de38c1b4ba8f14334fc485bb4732a627551688a773ca6aa101bf28a73f595f7d?s=96&d=mm&r=g","contentUrl":"https:\/\/secure.gravatar.com\/avatar\/de38c1b4ba8f14334fc485bb4732a627551688a773ca6aa101bf28a73f595f7d?s=96&d=mm&r=g","caption":"vengo ADMIN"}}]}},"_links":{"self":[{"href":"https:\/\/www.madulain.ch\/it\/wp-json\/wp\/v2\/posts\/4328","targetHints":{"allow":["GET"]}}],"collection":[{"href":"https:\/\/www.madulain.ch\/it\/wp-json\/wp\/v2\/posts"}],"about":[{"href":"https:\/\/www.madulain.ch\/it\/wp-json\/wp\/v2\/types\/post"}],"author":[{"embeddable":true,"href":"https:\/\/www.madulain.ch\/it\/wp-json\/wp\/v2\/users\/2"}],"replies":[{"embeddable":true,"href":"https:\/\/www.madulain.ch\/it\/wp-json\/wp\/v2\/comments?post=4328"}],"version-history":[{"count":0,"href":"https:\/\/www.madulain.ch\/it\/wp-json\/wp\/v2\/posts\/4328\/revisions"}],"wp:featuredmedia":[{"embeddable":true,"href":"https:\/\/www.madulain.ch\/it\/wp-json\/wp\/v2\/media\/4330"}],"wp:attachment":[{"href":"https:\/\/www.madulain.ch\/it\/wp-json\/wp\/v2\/media?parent=4328"}],"wp:term":[{"taxonomy":"category","embeddable":true,"href":"https:\/\/www.madulain.ch\/it\/wp-json\/wp\/v2\/categories?post=4328"},{"taxonomy":"post_tag","embeddable":true,"href":"https:\/\/www.madulain.ch\/it\/wp-json\/wp\/v2\/tags?post=4328"}],"curies":[{"name":"wp","href":"https:\/\/api.w.org\/{rel}","templated":true}]}}