{"id":4348,"date":"2020-12-08T11:43:06","date_gmt":"2020-12-08T09:43:06","guid":{"rendered":"https:\/\/www.madulain.ch\/?p=4348"},"modified":"2020-12-09T14:51:09","modified_gmt":"2020-12-09T12:51:09","slug":"in-madulain-test-il-12-dicembre","status":"publish","type":"post","link":"https:\/\/www.madulain.ch\/it\/in-madulain-testen-wir-am-12-dezember\/","title":{"rendered":"Proveremo a Madulain il 12 dicembre"},"content":{"rendered":"<p><strong>La stazione di prova corona di Madulain sar\u00e0 allestita nell&#039;officina di Via Principela 1a. Il test si svolger\u00e0 sabato 12 dicembre, dalle 8:00 alle 18:00. Il comune di Madulain invita tutti a metterlo alla prova: residenti, proprietari di seconde case e ospiti che si trovano nella regione.<\/strong> <strong>Si consiglia un&#039;et\u00e0 minima di 10 anni. I minorenni devono essere accompagnati da un genitore.\u00a0<\/strong><\/p>\n<p><strong>Gratuito e volontario<\/strong><br \/>I test sono gratuiti e volontari e vengono eseguiti da operatori sanitari. Ovviamente vengono rispettate le regole di distanza e di igiene. La procedura di test \u00e8 a<strong> Test rapido dell&#039;antigene<\/strong>, il campione \u00e8 ottenuto utilizzando un tampone nasofaringeo. La procedura di test (vedi video) dura circa 15 minuti, il risultato del test viene quindi trasmesso tramite SMS. <strong>La registrazione \u00e8 richiesta:<\/strong> <a href=\"http:\/\/www.gr.ch\/corona-test\" target=\"_blank\" rel=\"noopener noreferrer\">www.gr.ch\/corona-test<\/a>.\u00a0<\/p>\n\n\n\n<figure class=\"wp-block-embed-youtube wp-block-embed is-type-video is-provider-youtube wp-embed-aspect-16-9 wp-has-aspect-ratio\"><div class=\"wp-block-embed__wrapper\">\n<iframe title=\"Corona test Grigioni, procedura di test\" width=\"500\" height=\"281\" src=\"https:\/\/www.youtube.com\/embed\/esatcYdyMcY?feature=oembed\" frameborder=\"0\" allow=\"accelerometer; autoplay; clipboard-write; encrypted-media; gyroscope; picture-in-picture; web-share\" referrerpolicy=\"strict-origin-when-cross-origin\" allowfullscreen><\/iframe>\n<\/div><\/figure>\n\n\n\n<p><em><strong>\u00abInsieme contro il Corona \u00e8 l&#039;unico modo per superare la pandemia in modo rapido e sostenibile. Grazie per la vostra solidariet\u00e0. Grazie per essere stato messo alla prova&quot;.<\/strong><\/em><\/p>\n<p><strong>Perch\u00e9 una campagna di prova per tutti?<br \/><\/strong>Il numero di persone infette da corona nei Grigioni rimane costante a un livello elevato. Spesso le nuove infezioni non vengono riconosciute; le persone colpite trasmettono il virus senza esserne consapevoli. Queste catene devono essere spezzate! Per questo motivo il Cantone sta conducendo una campagna di prova per l&#039;intera popolazione. I test di area si svolgeranno inizialmente nelle regioni <em>Maloja<\/em> (Bergell e Alta Engadina), <em>Bernina<\/em> come\u00a0<em>Engiadina Bassa \/ Val M\u00fcstair<\/em> invece di.<\/p>\n<p><strong>Dove posso fare il test?<\/strong><br \/>Nei vari comuni saranno allestite complessivamente 23 stazioni di prova. A Madulain i test si effettuano in un solo giorno: sabato 12 dicembre 2020. \u00c8 possibile, per\u00f2, essere testati anche nelle postazioni di collaudo degli altri comuni.<\/p>\n<p><strong>Devo registrarmi per il test?<\/strong> <br \/>S\u00ec. Al fine di garantire il processo pi\u00f9 efficiente possibile ed evitare tempi di attesa, \u00e8 necessaria una registrazione. Puoi andare online su<a href=\"http:\/\/www.gr.ch\/corona-test\" target=\"_blank\" rel=\"noopener noreferrer\"> www.gr.ch\/corona-test<\/a> scegli la data che fa per te.<\/p>\n<p><strong>Aiuto con la registrazione?<\/strong> <br \/>Puoi anche registrare altre persone, come i membri della famiglia. Non hai nessuno che possa aiutarti a iscriverti? Quindi si prega di contattare la hotline <a href=\"tel:+41812541600\">081 254 16 00<\/a>.<\/p>\n<p><strong>Cosa devo portare al test?<\/strong><br \/>Devi portare una carta d&#039;identit\u00e0\/passaporto valida e il codice (QR code) che riceverai con la conferma della registrazione. Questo pu\u00f2 essere mostrato sullo smartphone o stampato e portato con te.<\/p>\n<p><strong>E se sono positivo?<\/strong><br \/>Si prega di autoisolarsi immediatamente per dieci giorni. Ti forniremo informazioni su cosa significa isolamento e quali misure devi adottare.<\/p>\n<p><strong>E se sono negativo? <\/strong><br \/>Il test rapido \u00e8 un&#039;istantanea; se sviluppi sintomi, riferisci al tuo medico. \u00c8 fondamentale che continuiate ad attenervi alle misure dell&#039;UFSP: indossate la mascherina, mantenete le distanze e disinfettatevi le mani.<\/p>\n<p><strong>Dove posso trovare maggiori informazioni?<\/strong><br \/>Sotto <a href=\"http:\/\/www.gr.ch\/corona-test\" target=\"_blank\" rel=\"noopener noreferrer\">www.gr.ch\/corona-test<\/a> troverete ulteriori informazioni oltre al modulo di registrazione online.<\/p>\n\n\n\n<figure class=\"wp-block-image size-large\"><img fetchpriority=\"high\" decoding=\"async\" width=\"1024\" height=\"651\" src=\"https:\/\/www.madulain.ch\/wp-content\/uploads\/2020\/12\/werkhof-1024x651.jpg\" alt=\"\" class=\"wp-image-4353\" srcset=\"https:\/\/www.madulain.ch\/wp-content\/uploads\/2020\/12\/werkhof-1024x651.jpg 1024w, https:\/\/www.madulain.ch\/wp-content\/uploads\/2020\/12\/werkhof-300x191.jpg 300w, https:\/\/www.madulain.ch\/wp-content\/uploads\/2020\/12\/werkhof-768x488.jpg 768w, https:\/\/www.madulain.ch\/wp-content\/uploads\/2020\/12\/werkhof-16x10.jpg 16w, https:\/\/www.madulain.ch\/wp-content\/uploads\/2020\/12\/werkhof-1080x686.jpg 1080w, https:\/\/www.madulain.ch\/wp-content\/uploads\/2020\/12\/werkhof-700x445.jpg 700w, https:\/\/www.madulain.ch\/wp-content\/uploads\/2020\/12\/werkhof.jpg 1440w\" sizes=\"(max-width: 1024px) 100vw, 1024px\" \/><figcaption>Il workshop di Madulain: qui si terr\u00e0 il test della corona il 12 dicembre <\/figcaption><\/figure>\n\n\n\n<div class=\"wp-block-image\"><figure class=\"aligncenter size-large\"><img decoding=\"async\" width=\"724\" height=\"1024\" src=\"https:\/\/www.madulain.ch\/wp-content\/uploads\/2020\/12\/Plakat-Gemeinde-Madulain-724x1024.jpg\" alt=\"\" class=\"wp-image-4371\" srcset=\"https:\/\/www.madulain.ch\/wp-content\/uploads\/2020\/12\/Plakat-Gemeinde-Madulain-724x1024.jpg 724w, https:\/\/www.madulain.ch\/wp-content\/uploads\/2020\/12\/Plakat-Gemeinde-Madulain-212x300.jpg 212w, https:\/\/www.madulain.ch\/wp-content\/uploads\/2020\/12\/Plakat-Gemeinde-Madulain-768x1086.jpg 768w, https:\/\/www.madulain.ch\/wp-content\/uploads\/2020\/12\/Plakat-Gemeinde-Madulain-8x12.jpg 8w, https:\/\/www.madulain.ch\/wp-content\/uploads\/2020\/12\/Plakat-Gemeinde-Madulain-700x990.jpg 700w, https:\/\/www.madulain.ch\/wp-content\/uploads\/2020\/12\/Plakat-Gemeinde-Madulain.jpg 810w\" sizes=\"(max-width: 724px) 100vw, 724px\" \/><\/figure><\/div>","protected":false},"excerpt":{"rendered":"<p>Die Corona-Teststation von Madulain wird im Werkhof an der Via Principela 1a eingerichtet. Getestet wird am Samstag, 12. Dezember von [&#8230;]<\/p>\n","protected":false},"author":2,"featured_media":4368,"comment_status":"closed","ping_status":"closed","sticky":false,"template":"","format":"standard","meta":{"_relevanssi_hide_post":"","_relevanssi_hide_content":"","_relevanssi_pin_for_all":"","_relevanssi_pin_keywords":"","_relevanssi_unpin_keywords":"","_relevanssi_related_keywords":"","_relevanssi_related_include_ids":"","_relevanssi_related_exclude_ids":"","_relevanssi_related_no_append":"","_relevanssi_related_not_related":"","_relevanssi_related_posts":"","_relevanssi_noindex_reason":"","site-sidebar-layout":"default","site-content-layout":"default","ast-site-content-layout":"default","site-content-style":"default","site-sidebar-style":"default","ast-global-header-display":"","ast-banner-title-visibility":"","ast-main-header-display":"","ast-hfb-above-header-display":"","ast-hfb-below-header-display":"","ast-hfb-mobile-header-display":"","site-post-title":"","ast-breadcrumbs-content":"","ast-featured-img":"","footer-sml-layout":"","ast-disable-related-posts":"","theme-transparent-header-meta":"default","adv-header-id-meta":"","stick-header-meta":"","header-above-stick-meta":"","header-main-stick-meta":"","header-below-stick-meta":"","astra-migrate-meta-layouts":"default","ast-page-background-enabled":"default","ast-page-background-meta":{"desktop":{"background-color":"","background-image":"","background-repeat":"repeat","background-position":"center center","background-size":"auto","background-attachment":"scroll","background-type":"","background-media":"","overlay-type":"","overlay-color":"","overlay-opacity":"","overlay-gradient":""},"tablet":{"background-color":"","background-image":"","background-repeat":"repeat","background-position":"center center","background-size":"auto","background-attachment":"scroll","background-type":"","background-media":"","overlay-type":"","overlay-color":"","overlay-opacity":"","overlay-gradient":""},"mobile":{"background-color":"","background-image":"","background-repeat":"repeat","background-position":"center center","background-size":"auto","background-attachment":"scroll","background-type":"","background-media":"","overlay-type":"","overlay-color":"","overlay-opacity":"","overlay-gradient":""}},"ast-content-background-meta":{"desktop":{"background-color":"var(--ast-global-color-5)","background-image":"","background-repeat":"repeat","background-position":"center center","background-size":"auto","background-attachment":"scroll","background-type":"","background-media":"","overlay-type":"","overlay-color":"","overlay-opacity":"","overlay-gradient":""},"tablet":{"background-color":"var(--ast-global-color-5)","background-image":"","background-repeat":"repeat","background-position":"center center","background-size":"auto","background-attachment":"scroll","background-type":"","background-media":"","overlay-type":"","overlay-color":"","overlay-opacity":"","overlay-gradient":""},"mobile":{"background-color":"var(--ast-global-color-5)","background-image":"","background-repeat":"repeat","background-position":"center center","background-size":"auto","background-attachment":"scroll","background-type":"","background-media":"","overlay-type":"","overlay-color":"","overlay-opacity":"","overlay-gradient":""}},"footnotes":""},"categories":[61],"tags":[],"class_list":["post-4348","post","type-post","status-publish","format-standard","has-post-thumbnail","hentry","category-coronavirus"],"yoast_head":"<!-- This site is optimized with the Yoast SEO plugin v27.4 - https:\/\/yoast.com\/product\/yoast-seo-wordpress\/ -->\n<title>In Madulain testen wir am 12. Dezember - Gemeinde Madulain<\/title>\n<meta name=\"robots\" content=\"index, follow, max-snippet:-1, max-image-preview:large, max-video-preview:-1\" \/>\n<link rel=\"canonical\" href=\"https:\/\/www.madulain.ch\/it\/in-madulain-test-il-12-dicembre\/\" \/>\n<meta property=\"og:locale\" content=\"it_IT\" \/>\n<meta property=\"og:type\" content=\"article\" \/>\n<meta property=\"og:title\" content=\"In Madulain testen wir am 12. Dezember - Gemeinde Madulain\" \/>\n<meta property=\"og:description\" content=\"Die Corona-Teststation von Madulain wird im Werkhof an der Via Principela 1a eingerichtet. Getestet wird am Samstag, 12. Dezember von [...]\" \/>\n<meta property=\"og:url\" content=\"https:\/\/www.madulain.ch\/it\/in-madulain-test-il-12-dicembre\/\" \/>\n<meta property=\"og:site_name\" content=\"Gemeinde Madulain\" \/>\n<meta property=\"article:published_time\" content=\"2020-12-08T09:43:06+00:00\" \/>\n<meta property=\"article:modified_time\" content=\"2020-12-09T12:51:09+00:00\" \/>\n<meta property=\"og:image\" content=\"https:\/\/www.madulain.ch\/wp-content\/uploads\/2020\/12\/Plakat-corona-Test.jpg\" \/>\n\t<meta property=\"og:image:width\" content=\"1440\" \/>\n\t<meta property=\"og:image:height\" content=\"810\" \/>\n\t<meta property=\"og:image:type\" content=\"image\/jpeg\" \/>\n<meta name=\"author\" content=\"vengo ADMIN\" \/>\n<meta name=\"twitter:card\" content=\"summary_large_image\" \/>\n<meta name=\"twitter:label1\" content=\"Scritto da\" \/>\n\t<meta name=\"twitter:data1\" content=\"vengo ADMIN\" \/>\n\t<meta name=\"twitter:label2\" content=\"Tempo di lettura stimato\" \/>\n\t<meta name=\"twitter:data2\" content=\"2 minuti\" \/>\n<script type=\"application\/ld+json\" class=\"yoast-schema-graph\">{\"@context\":\"https:\\\/\\\/schema.org\",\"@graph\":[{\"@type\":\"Article\",\"@id\":\"https:\\\/\\\/www.madulain.ch\\\/in-madulain-testen-wir-am-12-dezember\\\/#article\",\"isPartOf\":{\"@id\":\"https:\\\/\\\/www.madulain.ch\\\/in-madulain-testen-wir-am-12-dezember\\\/\"},\"author\":{\"name\":\"vengo ADMIN\",\"@id\":\"https:\\\/\\\/www.madulain.ch\\\/#\\\/schema\\\/person\\\/c48448ed653cdecd2ff83f3a8ef8c105\"},\"headline\":\"In Madulain testen wir am 12. Dezember\",\"datePublished\":\"2020-12-08T09:43:06+00:00\",\"dateModified\":\"2020-12-09T12:51:09+00:00\",\"mainEntityOfPage\":{\"@id\":\"https:\\\/\\\/www.madulain.ch\\\/in-madulain-testen-wir-am-12-dezember\\\/\"},\"wordCount\":483,\"publisher\":{\"@id\":\"https:\\\/\\\/www.madulain.ch\\\/#organization\"},\"image\":{\"@id\":\"https:\\\/\\\/www.madulain.ch\\\/in-madulain-testen-wir-am-12-dezember\\\/#primaryimage\"},\"thumbnailUrl\":\"https:\\\/\\\/www.madulain.ch\\\/wp-content\\\/uploads\\\/2020\\\/12\\\/Plakat-corona-Test.jpg\",\"articleSection\":[\"Coronavirus\"],\"inLanguage\":\"it-IT\"},{\"@type\":\"WebPage\",\"@id\":\"https:\\\/\\\/www.madulain.ch\\\/in-madulain-testen-wir-am-12-dezember\\\/\",\"url\":\"https:\\\/\\\/www.madulain.ch\\\/in-madulain-testen-wir-am-12-dezember\\\/\",\"name\":\"In Madulain testen wir am 12. Dezember - Gemeinde Madulain\",\"isPartOf\":{\"@id\":\"https:\\\/\\\/www.madulain.ch\\\/#website\"},\"primaryImageOfPage\":{\"@id\":\"https:\\\/\\\/www.madulain.ch\\\/in-madulain-testen-wir-am-12-dezember\\\/#primaryimage\"},\"image\":{\"@id\":\"https:\\\/\\\/www.madulain.ch\\\/in-madulain-testen-wir-am-12-dezember\\\/#primaryimage\"},\"thumbnailUrl\":\"https:\\\/\\\/www.madulain.ch\\\/wp-content\\\/uploads\\\/2020\\\/12\\\/Plakat-corona-Test.jpg\",\"datePublished\":\"2020-12-08T09:43:06+00:00\",\"dateModified\":\"2020-12-09T12:51:09+00:00\",\"breadcrumb\":{\"@id\":\"https:\\\/\\\/www.madulain.ch\\\/in-madulain-testen-wir-am-12-dezember\\\/#breadcrumb\"},\"inLanguage\":\"it-IT\",\"potentialAction\":[{\"@type\":\"ReadAction\",\"target\":[\"https:\\\/\\\/www.madulain.ch\\\/in-madulain-testen-wir-am-12-dezember\\\/\"]}]},{\"@type\":\"ImageObject\",\"inLanguage\":\"it-IT\",\"@id\":\"https:\\\/\\\/www.madulain.ch\\\/in-madulain-testen-wir-am-12-dezember\\\/#primaryimage\",\"url\":\"https:\\\/\\\/www.madulain.ch\\\/wp-content\\\/uploads\\\/2020\\\/12\\\/Plakat-corona-Test.jpg\",\"contentUrl\":\"https:\\\/\\\/www.madulain.ch\\\/wp-content\\\/uploads\\\/2020\\\/12\\\/Plakat-corona-Test.jpg\",\"width\":1440,\"height\":810},{\"@type\":\"BreadcrumbList\",\"@id\":\"https:\\\/\\\/www.madulain.ch\\\/in-madulain-testen-wir-am-12-dezember\\\/#breadcrumb\",\"itemListElement\":[{\"@type\":\"ListItem\",\"position\":1,\"name\":\"Madulain\",\"item\":\"https:\\\/\\\/www.madulain.ch\\\/\"},{\"@type\":\"ListItem\",\"position\":2,\"name\":\"In Madulain testen wir am 12. Dezember\"}]},{\"@type\":\"WebSite\",\"@id\":\"https:\\\/\\\/www.madulain.ch\\\/#website\",\"url\":\"https:\\\/\\\/www.madulain.ch\\\/\",\"name\":\"Gemeinde Madulain\",\"description\":\"Region Maloja, Engadin - St. Moritz\",\"publisher\":{\"@id\":\"https:\\\/\\\/www.madulain.ch\\\/#organization\"},\"potentialAction\":[{\"@type\":\"SearchAction\",\"target\":{\"@type\":\"EntryPoint\",\"urlTemplate\":\"https:\\\/\\\/www.madulain.ch\\\/?s={search_term_string}\"},\"query-input\":{\"@type\":\"PropertyValueSpecification\",\"valueRequired\":true,\"valueName\":\"search_term_string\"}}],\"inLanguage\":\"it-IT\"},{\"@type\":\"Organization\",\"@id\":\"https:\\\/\\\/www.madulain.ch\\\/#organization\",\"name\":\"Gemeinde Madulain\",\"url\":\"https:\\\/\\\/www.madulain.ch\\\/\",\"logo\":{\"@type\":\"ImageObject\",\"inLanguage\":\"it-IT\",\"@id\":\"https:\\\/\\\/www.madulain.ch\\\/#\\\/schema\\\/logo\\\/image\\\/\",\"url\":\"https:\\\/\\\/www.madulain.ch\\\/wp-content\\\/uploads\\\/2019\\\/08\\\/madulain_logo_black.png\",\"contentUrl\":\"https:\\\/\\\/www.madulain.ch\\\/wp-content\\\/uploads\\\/2019\\\/08\\\/madulain_logo_black.png\",\"width\":500,\"height\":129,\"caption\":\"Gemeinde Madulain\"},\"image\":{\"@id\":\"https:\\\/\\\/www.madulain.ch\\\/#\\\/schema\\\/logo\\\/image\\\/\"}},{\"@type\":\"Person\",\"@id\":\"https:\\\/\\\/www.madulain.ch\\\/#\\\/schema\\\/person\\\/c48448ed653cdecd2ff83f3a8ef8c105\",\"name\":\"vengo ADMIN\",\"image\":{\"@type\":\"ImageObject\",\"inLanguage\":\"it-IT\",\"@id\":\"https:\\\/\\\/secure.gravatar.com\\\/avatar\\\/de38c1b4ba8f14334fc485bb4732a627551688a773ca6aa101bf28a73f595f7d?s=96&d=mm&r=g\",\"url\":\"https:\\\/\\\/secure.gravatar.com\\\/avatar\\\/de38c1b4ba8f14334fc485bb4732a627551688a773ca6aa101bf28a73f595f7d?s=96&d=mm&r=g\",\"contentUrl\":\"https:\\\/\\\/secure.gravatar.com\\\/avatar\\\/de38c1b4ba8f14334fc485bb4732a627551688a773ca6aa101bf28a73f595f7d?s=96&d=mm&r=g\",\"caption\":\"vengo ADMIN\"}}]}<\/script>\n<!-- \/ Yoast SEO plugin. -->","yoast_head_json":{"title":"A Madulain testeremo il 12 dicembre - Comunit\u00e0 Madulain","robots":{"index":"index","follow":"follow","max-snippet":"max-snippet:-1","max-image-preview":"max-image-preview:large","max-video-preview":"max-video-preview:-1"},"canonical":"https:\/\/www.madulain.ch\/it\/in-madulain-test-il-12-dicembre\/","og_locale":"it_IT","og_type":"article","og_title":"In Madulain testen wir am 12. Dezember - Gemeinde Madulain","og_description":"Die Corona-Teststation von Madulain wird im Werkhof an der Via Principela 1a eingerichtet. Getestet wird am Samstag, 12. Dezember von [...]","og_url":"https:\/\/www.madulain.ch\/it\/in-madulain-test-il-12-dicembre\/","og_site_name":"Gemeinde Madulain","article_published_time":"2020-12-08T09:43:06+00:00","article_modified_time":"2020-12-09T12:51:09+00:00","og_image":[{"width":1440,"height":810,"url":"https:\/\/www.madulain.ch\/wp-content\/uploads\/2020\/12\/Plakat-corona-Test.jpg","type":"image\/jpeg"}],"author":"vengo ADMIN","twitter_card":"summary_large_image","twitter_misc":{"Scritto da":"vengo ADMIN","Tempo di lettura stimato":"2 minuti"},"schema":{"@context":"https:\/\/schema.org","@graph":[{"@type":"Article","@id":"https:\/\/www.madulain.ch\/in-madulain-testen-wir-am-12-dezember\/#article","isPartOf":{"@id":"https:\/\/www.madulain.ch\/in-madulain-testen-wir-am-12-dezember\/"},"author":{"name":"vengo ADMIN","@id":"https:\/\/www.madulain.ch\/#\/schema\/person\/c48448ed653cdecd2ff83f3a8ef8c105"},"headline":"In Madulain testen wir am 12. Dezember","datePublished":"2020-12-08T09:43:06+00:00","dateModified":"2020-12-09T12:51:09+00:00","mainEntityOfPage":{"@id":"https:\/\/www.madulain.ch\/in-madulain-testen-wir-am-12-dezember\/"},"wordCount":483,"publisher":{"@id":"https:\/\/www.madulain.ch\/#organization"},"image":{"@id":"https:\/\/www.madulain.ch\/in-madulain-testen-wir-am-12-dezember\/#primaryimage"},"thumbnailUrl":"https:\/\/www.madulain.ch\/wp-content\/uploads\/2020\/12\/Plakat-corona-Test.jpg","articleSection":["Coronavirus"],"inLanguage":"it-IT"},{"@type":"WebPage","@id":"https:\/\/www.madulain.ch\/in-madulain-testen-wir-am-12-dezember\/","url":"https:\/\/www.madulain.ch\/in-madulain-testen-wir-am-12-dezember\/","name":"A Madulain testeremo il 12 dicembre - Comunit\u00e0 Madulain","isPartOf":{"@id":"https:\/\/www.madulain.ch\/#website"},"primaryImageOfPage":{"@id":"https:\/\/www.madulain.ch\/in-madulain-testen-wir-am-12-dezember\/#primaryimage"},"image":{"@id":"https:\/\/www.madulain.ch\/in-madulain-testen-wir-am-12-dezember\/#primaryimage"},"thumbnailUrl":"https:\/\/www.madulain.ch\/wp-content\/uploads\/2020\/12\/Plakat-corona-Test.jpg","datePublished":"2020-12-08T09:43:06+00:00","dateModified":"2020-12-09T12:51:09+00:00","breadcrumb":{"@id":"https:\/\/www.madulain.ch\/in-madulain-testen-wir-am-12-dezember\/#breadcrumb"},"inLanguage":"it-IT","potentialAction":[{"@type":"ReadAction","target":["https:\/\/www.madulain.ch\/in-madulain-testen-wir-am-12-dezember\/"]}]},{"@type":"ImageObject","inLanguage":"it-IT","@id":"https:\/\/www.madulain.ch\/in-madulain-testen-wir-am-12-dezember\/#primaryimage","url":"https:\/\/www.madulain.ch\/wp-content\/uploads\/2020\/12\/Plakat-corona-Test.jpg","contentUrl":"https:\/\/www.madulain.ch\/wp-content\/uploads\/2020\/12\/Plakat-corona-Test.jpg","width":1440,"height":810},{"@type":"BreadcrumbList","@id":"https:\/\/www.madulain.ch\/in-madulain-testen-wir-am-12-dezember\/#breadcrumb","itemListElement":[{"@type":"ListItem","position":1,"name":"Madulain","item":"https:\/\/www.madulain.ch\/"},{"@type":"ListItem","position":2,"name":"In Madulain testen wir am 12. Dezember"}]},{"@type":"WebSite","@id":"https:\/\/www.madulain.ch\/#website","url":"https:\/\/www.madulain.ch\/","name":"Comune di Madulain","description":"Regione di Maloja, Engadina - St. Moritz","publisher":{"@id":"https:\/\/www.madulain.ch\/#organization"},"potentialAction":[{"@type":"SearchAction","target":{"@type":"EntryPoint","urlTemplate":"https:\/\/www.madulain.ch\/?s={search_term_string}"},"query-input":{"@type":"PropertyValueSpecification","valueRequired":true,"valueName":"search_term_string"}}],"inLanguage":"it-IT"},{"@type":"Organization","@id":"https:\/\/www.madulain.ch\/#organization","name":"Comune di Madulain","url":"https:\/\/www.madulain.ch\/","logo":{"@type":"ImageObject","inLanguage":"it-IT","@id":"https:\/\/www.madulain.ch\/#\/schema\/logo\/image\/","url":"https:\/\/www.madulain.ch\/wp-content\/uploads\/2019\/08\/madulain_logo_black.png","contentUrl":"https:\/\/www.madulain.ch\/wp-content\/uploads\/2019\/08\/madulain_logo_black.png","width":500,"height":129,"caption":"Gemeinde Madulain"},"image":{"@id":"https:\/\/www.madulain.ch\/#\/schema\/logo\/image\/"}},{"@type":"Person","@id":"https:\/\/www.madulain.ch\/#\/schema\/person\/c48448ed653cdecd2ff83f3a8ef8c105","name":"vengo AMMINISTRATORE","image":{"@type":"ImageObject","inLanguage":"it-IT","@id":"https:\/\/secure.gravatar.com\/avatar\/de38c1b4ba8f14334fc485bb4732a627551688a773ca6aa101bf28a73f595f7d?s=96&d=mm&r=g","url":"https:\/\/secure.gravatar.com\/avatar\/de38c1b4ba8f14334fc485bb4732a627551688a773ca6aa101bf28a73f595f7d?s=96&d=mm&r=g","contentUrl":"https:\/\/secure.gravatar.com\/avatar\/de38c1b4ba8f14334fc485bb4732a627551688a773ca6aa101bf28a73f595f7d?s=96&d=mm&r=g","caption":"vengo ADMIN"}}]}},"_links":{"self":[{"href":"https:\/\/www.madulain.ch\/it\/wp-json\/wp\/v2\/posts\/4348","targetHints":{"allow":["GET"]}}],"collection":[{"href":"https:\/\/www.madulain.ch\/it\/wp-json\/wp\/v2\/posts"}],"about":[{"href":"https:\/\/www.madulain.ch\/it\/wp-json\/wp\/v2\/types\/post"}],"author":[{"embeddable":true,"href":"https:\/\/www.madulain.ch\/it\/wp-json\/wp\/v2\/users\/2"}],"replies":[{"embeddable":true,"href":"https:\/\/www.madulain.ch\/it\/wp-json\/wp\/v2\/comments?post=4348"}],"version-history":[{"count":0,"href":"https:\/\/www.madulain.ch\/it\/wp-json\/wp\/v2\/posts\/4348\/revisions"}],"wp:featuredmedia":[{"embeddable":true,"href":"https:\/\/www.madulain.ch\/it\/wp-json\/wp\/v2\/media\/4368"}],"wp:attachment":[{"href":"https:\/\/www.madulain.ch\/it\/wp-json\/wp\/v2\/media?parent=4348"}],"wp:term":[{"taxonomy":"category","embeddable":true,"href":"https:\/\/www.madulain.ch\/it\/wp-json\/wp\/v2\/categories?post=4348"},{"taxonomy":"post_tag","embeddable":true,"href":"https:\/\/www.madulain.ch\/it\/wp-json\/wp\/v2\/tags?post=4348"}],"curies":[{"name":"wp","href":"https:\/\/api.w.org\/{rel}","templated":true}]}}