{"id":6253,"date":"2021-10-15T00:01:47","date_gmt":"2021-10-14T22:01:47","guid":{"rendered":"https:\/\/www.madulain.ch\/?p=6253"},"modified":"2022-05-20T00:33:47","modified_gmt":"2022-05-19T22:33:47","slug":"invito-riunione-comunitaria-1-novembre-2021","status":"publish","type":"post","link":"https:\/\/www.madulain.ch\/it\/einladung-gemeindeversammlung-1-november-2021\/","title":{"rendered":"Invito all&#039;incontro comunitario del 1 novembre 2021"},"content":{"rendered":"<p>Al<strong> L&#039;incontro della comunit\u00e0 si svolger\u00e0 luned\u00ec 1 novembre 2021 nella sala della comunit\u00e0<\/strong> invece di. Ritrovo come sempre alle 20.00<\/p>\n<p><strong>Punti all&#039;ordine del giorno<\/strong><br \/>1. Apertura ed elezione degli scrutatori<br \/>2. <a href=\"https:\/\/www.madulain.ch\/wp-content\/uploads\/2021\/10\/Protokoll-GV-28062021.pdf\" target=\"_blank\" rel=\"noopener\">Verbale della riunione della comunit\u00e0 del 28 giugno 2021<\/a><br \/>3. <a href=\"https:\/\/www.madulain.ch\/wp-content\/uploads\/2021\/10\/Nachtrag-Aktiona\u0308rbindungsvertrag.pdf\" target=\"_blank\" rel=\"noopener\">Addendum al patto parasociale<\/a> tra le comunit\u00e0 a monte e<br \/>Comuni subordinati dal 2017 in merito alla distribuzione delle quote di Promulins AG<br \/>4. Fondazione e riorganizzazione di Plaiv Tourism Management (<a href=\"https:\/\/www.madulain.ch\/wp-content\/uploads\/2021\/10\/Konzept-Tourismusmanagement-Plaiv-Engadin.pdf\" target=\"_blank\" rel=\"noopener\">concetto<\/a>\/<a href=\"https:\/\/www.madulain.ch\/wp-content\/uploads\/2021\/10\/Statuten-des-Vereins-Engadin-Plaiv-Turissem.pdf\" target=\"_blank\" rel=\"noopener\">Statuti<\/a>)<br \/>5. <a href=\"https:\/\/www.madulain.ch\/wp-content\/uploads\/2021\/10\/Leistungsvereinbarung-Stiftung-Gesundheitsversorgung-Oberengadin-vf.pdf\" target=\"_blank\" rel=\"noopener\">Rinnovo del contratto di prestazione<\/a> tra le comunit\u00e0 dell&#039;Alta Engadina e la<br \/>Fondazione sanitaria dell&#039;Alta Engadina (OSG) (<a href=\"https:\/\/www.madulain.ch\/wp-content\/uploads\/2021\/10\/Zusammenfassung-SGR-Leistungsvereinbarung.pdf\" target=\"_blank\" rel=\"noopener\">riepilogo<\/a>)<br \/>6. Messaggi e varie<\/p>\n<p><strong>Tutti i documenti<\/strong> all&#039;ordine del giorno cos\u00ec come il <a href=\"https:\/\/www.madulain.ch\/wp-content\/uploads\/2021\/10\/Botschaft-GV-01.11.2021.pdf\" target=\"_blank\" rel=\"noopener\">Messaggio del sindaco<\/a> Guarda anche <strong><a href=\"https:\/\/www.madulain.ch\/gemeinde\/gemeindeversammlung\/\" target=\"_blank\" rel=\"noopener\">Qui<\/a><\/strong>.<\/p>\n<p>Commento all&#039;assemblea comunitaria: Secondo la costituzione comunitaria, Art. 34, la partecipazione all&#039;assemblea comunitaria \u00e8 obbligatoria fino al compimento dei 60 anni.<\/p>\n<p><strong>Misure di protezione contro il Covid-19:<\/strong> Le misure di protezione devono essere osservate. <strong>\u00c8 obbligatorio indossare la mascherina.<\/strong><\/p>","protected":false},"excerpt":{"rendered":"<p>Am Montag, 1. November 2021 findet die Gemeindeversammlung im Gemeindesaal statt. Treffpunkt wie immer um 20.00 Uhr.<br \/>\nTraktanden<br \/>1. Er\u00f6ffnung und [&#8230;]<\/p>\n","protected":false},"author":2,"featured_media":6257,"comment_status":"closed","ping_status":"closed","sticky":false,"template":"","format":"standard","meta":{"_relevanssi_hide_post":"","_relevanssi_hide_content":"","_relevanssi_pin_for_all":"","_relevanssi_pin_keywords":"","_relevanssi_unpin_keywords":"","_relevanssi_related_keywords":"","_relevanssi_related_include_ids":"","_relevanssi_related_exclude_ids":"","_relevanssi_related_no_append":"","_relevanssi_related_not_related":"","_relevanssi_related_posts":"","_relevanssi_noindex_reason":"","site-sidebar-layout":"default","site-content-layout":"default","ast-site-content-layout":"default","site-content-style":"default","site-sidebar-style":"default","ast-global-header-display":"","ast-banner-title-visibility":"","ast-main-header-display":"","ast-hfb-above-header-display":"","ast-hfb-below-header-display":"","ast-hfb-mobile-header-display":"","site-post-title":"","ast-breadcrumbs-content":"","ast-featured-img":"","footer-sml-layout":"","ast-disable-related-posts":"","theme-transparent-header-meta":"default","adv-header-id-meta":"","stick-header-meta":"","header-above-stick-meta":"","header-main-stick-meta":"","header-below-stick-meta":"","astra-migrate-meta-layouts":"default","ast-page-background-enabled":"default","ast-page-background-meta":{"desktop":{"background-color":"","background-image":"","background-repeat":"repeat","background-position":"center center","background-size":"auto","background-attachment":"scroll","background-type":"","background-media":"","overlay-type":"","overlay-color":"","overlay-opacity":"","overlay-gradient":""},"tablet":{"background-color":"","background-image":"","background-repeat":"repeat","background-position":"center center","background-size":"auto","background-attachment":"scroll","background-type":"","background-media":"","overlay-type":"","overlay-color":"","overlay-opacity":"","overlay-gradient":""},"mobile":{"background-color":"","background-image":"","background-repeat":"repeat","background-position":"center center","background-size":"auto","background-attachment":"scroll","background-type":"","background-media":"","overlay-type":"","overlay-color":"","overlay-opacity":"","overlay-gradient":""}},"ast-content-background-meta":{"desktop":{"background-color":"var(--ast-global-color-5)","background-image":"","background-repeat":"repeat","background-position":"center center","background-size":"auto","background-attachment":"scroll","background-type":"","background-media":"","overlay-type":"","overlay-color":"","overlay-opacity":"","overlay-gradient":""},"tablet":{"background-color":"var(--ast-global-color-5)","background-image":"","background-repeat":"repeat","background-position":"center center","background-size":"auto","background-attachment":"scroll","background-type":"","background-media":"","overlay-type":"","overlay-color":"","overlay-opacity":"","overlay-gradient":""},"mobile":{"background-color":"var(--ast-global-color-5)","background-image":"","background-repeat":"repeat","background-position":"center center","background-size":"auto","background-attachment":"scroll","background-type":"","background-media":"","overlay-type":"","overlay-color":"","overlay-opacity":"","overlay-gradient":""}},"footnotes":""},"categories":[44],"tags":[],"class_list":["post-6253","post","type-post","status-publish","format-standard","has-post-thumbnail","hentry","category-gemeindeversammlung"],"yoast_head":"<!-- This site is optimized with the Yoast SEO plugin v27.4 - https:\/\/yoast.com\/product\/yoast-seo-wordpress\/ -->\n<title>Einladung zur Gemeinde\u00adversammlung vom 1. November 2021 - Gemeinde Madulain<\/title>\n<meta name=\"robots\" content=\"index, follow, max-snippet:-1, max-image-preview:large, max-video-preview:-1\" \/>\n<link rel=\"canonical\" href=\"https:\/\/www.madulain.ch\/it\/invito-riunione-comunitaria-1-novembre-2021\/\" \/>\n<meta property=\"og:locale\" content=\"it_IT\" \/>\n<meta property=\"og:type\" content=\"article\" \/>\n<meta property=\"og:title\" content=\"Einladung zur Gemeinde\u00adversammlung vom 1. November 2021 - Gemeinde Madulain\" \/>\n<meta property=\"og:description\" content=\"Am Montag, 1. November 2021 findet die Gemeindeversammlung im Gemeindesaal statt. Treffpunkt wie immer um 20.00 Uhr. Traktanden1. Er\u00f6ffnung und [...]\" \/>\n<meta property=\"og:url\" content=\"https:\/\/www.madulain.ch\/it\/invito-riunione-comunitaria-1-novembre-2021\/\" \/>\n<meta property=\"og:site_name\" content=\"Gemeinde Madulain\" \/>\n<meta property=\"article:published_time\" content=\"2021-10-14T22:01:47+00:00\" \/>\n<meta property=\"article:modified_time\" content=\"2022-05-19T22:33:47+00:00\" \/>\n<meta property=\"og:image\" content=\"https:\/\/www.madulain.ch\/wp-content\/uploads\/2021\/10\/DJI_0945-scaled.jpg\" \/>\n\t<meta property=\"og:image:width\" content=\"2560\" \/>\n\t<meta property=\"og:image:height\" content=\"1438\" \/>\n\t<meta property=\"og:image:type\" content=\"image\/jpeg\" \/>\n<meta name=\"author\" content=\"vengo ADMIN\" \/>\n<meta name=\"twitter:card\" content=\"summary_large_image\" \/>\n<meta name=\"twitter:label1\" content=\"Scritto da\" \/>\n\t<meta name=\"twitter:data1\" content=\"vengo ADMIN\" \/>\n\t<meta name=\"twitter:label2\" content=\"Tempo di lettura stimato\" \/>\n\t<meta name=\"twitter:data2\" content=\"1 minuto\" \/>\n<script type=\"application\/ld+json\" class=\"yoast-schema-graph\">{\"@context\":\"https:\\\/\\\/schema.org\",\"@graph\":[{\"@type\":\"Article\",\"@id\":\"https:\\\/\\\/www.madulain.ch\\\/einladung-gemeindeversammlung-1-november-2021\\\/#article\",\"isPartOf\":{\"@id\":\"https:\\\/\\\/www.madulain.ch\\\/einladung-gemeindeversammlung-1-november-2021\\\/\"},\"author\":{\"name\":\"vengo ADMIN\",\"@id\":\"https:\\\/\\\/www.madulain.ch\\\/#\\\/schema\\\/person\\\/c48448ed653cdecd2ff83f3a8ef8c105\"},\"headline\":\"Einladung zur Gemeinde\u00adversammlung vom 1. November 2021\",\"datePublished\":\"2021-10-14T22:01:47+00:00\",\"dateModified\":\"2022-05-19T22:33:47+00:00\",\"mainEntityOfPage\":{\"@id\":\"https:\\\/\\\/www.madulain.ch\\\/einladung-gemeindeversammlung-1-november-2021\\\/\"},\"wordCount\":119,\"publisher\":{\"@id\":\"https:\\\/\\\/www.madulain.ch\\\/#organization\"},\"image\":{\"@id\":\"https:\\\/\\\/www.madulain.ch\\\/einladung-gemeindeversammlung-1-november-2021\\\/#primaryimage\"},\"thumbnailUrl\":\"https:\\\/\\\/www.madulain.ch\\\/wp-content\\\/uploads\\\/2021\\\/10\\\/DJI_0945-scaled.jpg\",\"articleSection\":[\"Gemeinde&shy;\u00adversammlung\"],\"inLanguage\":\"it-IT\"},{\"@type\":\"WebPage\",\"@id\":\"https:\\\/\\\/www.madulain.ch\\\/einladung-gemeindeversammlung-1-november-2021\\\/\",\"url\":\"https:\\\/\\\/www.madulain.ch\\\/einladung-gemeindeversammlung-1-november-2021\\\/\",\"name\":\"Einladung zur Gemeinde\u00adversammlung vom 1. November 2021 - Gemeinde Madulain\",\"isPartOf\":{\"@id\":\"https:\\\/\\\/www.madulain.ch\\\/#website\"},\"primaryImageOfPage\":{\"@id\":\"https:\\\/\\\/www.madulain.ch\\\/einladung-gemeindeversammlung-1-november-2021\\\/#primaryimage\"},\"image\":{\"@id\":\"https:\\\/\\\/www.madulain.ch\\\/einladung-gemeindeversammlung-1-november-2021\\\/#primaryimage\"},\"thumbnailUrl\":\"https:\\\/\\\/www.madulain.ch\\\/wp-content\\\/uploads\\\/2021\\\/10\\\/DJI_0945-scaled.jpg\",\"datePublished\":\"2021-10-14T22:01:47+00:00\",\"dateModified\":\"2022-05-19T22:33:47+00:00\",\"breadcrumb\":{\"@id\":\"https:\\\/\\\/www.madulain.ch\\\/einladung-gemeindeversammlung-1-november-2021\\\/#breadcrumb\"},\"inLanguage\":\"it-IT\",\"potentialAction\":[{\"@type\":\"ReadAction\",\"target\":[\"https:\\\/\\\/www.madulain.ch\\\/einladung-gemeindeversammlung-1-november-2021\\\/\"]}]},{\"@type\":\"ImageObject\",\"inLanguage\":\"it-IT\",\"@id\":\"https:\\\/\\\/www.madulain.ch\\\/einladung-gemeindeversammlung-1-november-2021\\\/#primaryimage\",\"url\":\"https:\\\/\\\/www.madulain.ch\\\/wp-content\\\/uploads\\\/2021\\\/10\\\/DJI_0945-scaled.jpg\",\"contentUrl\":\"https:\\\/\\\/www.madulain.ch\\\/wp-content\\\/uploads\\\/2021\\\/10\\\/DJI_0945-scaled.jpg\",\"width\":2560,\"height\":1438},{\"@type\":\"BreadcrumbList\",\"@id\":\"https:\\\/\\\/www.madulain.ch\\\/einladung-gemeindeversammlung-1-november-2021\\\/#breadcrumb\",\"itemListElement\":[{\"@type\":\"ListItem\",\"position\":1,\"name\":\"Madulain\",\"item\":\"https:\\\/\\\/www.madulain.ch\\\/\"},{\"@type\":\"ListItem\",\"position\":2,\"name\":\"Einladung zur Gemeinde\u00adversammlung vom 1. November 2021\"}]},{\"@type\":\"WebSite\",\"@id\":\"https:\\\/\\\/www.madulain.ch\\\/#website\",\"url\":\"https:\\\/\\\/www.madulain.ch\\\/\",\"name\":\"Gemeinde Madulain\",\"description\":\"Region Maloja, Engadin - St. Moritz\",\"publisher\":{\"@id\":\"https:\\\/\\\/www.madulain.ch\\\/#organization\"},\"potentialAction\":[{\"@type\":\"SearchAction\",\"target\":{\"@type\":\"EntryPoint\",\"urlTemplate\":\"https:\\\/\\\/www.madulain.ch\\\/?s={search_term_string}\"},\"query-input\":{\"@type\":\"PropertyValueSpecification\",\"valueRequired\":true,\"valueName\":\"search_term_string\"}}],\"inLanguage\":\"it-IT\"},{\"@type\":\"Organization\",\"@id\":\"https:\\\/\\\/www.madulain.ch\\\/#organization\",\"name\":\"Gemeinde Madulain\",\"url\":\"https:\\\/\\\/www.madulain.ch\\\/\",\"logo\":{\"@type\":\"ImageObject\",\"inLanguage\":\"it-IT\",\"@id\":\"https:\\\/\\\/www.madulain.ch\\\/#\\\/schema\\\/logo\\\/image\\\/\",\"url\":\"https:\\\/\\\/www.madulain.ch\\\/wp-content\\\/uploads\\\/2019\\\/08\\\/madulain_logo_black.png\",\"contentUrl\":\"https:\\\/\\\/www.madulain.ch\\\/wp-content\\\/uploads\\\/2019\\\/08\\\/madulain_logo_black.png\",\"width\":500,\"height\":129,\"caption\":\"Gemeinde Madulain\"},\"image\":{\"@id\":\"https:\\\/\\\/www.madulain.ch\\\/#\\\/schema\\\/logo\\\/image\\\/\"}},{\"@type\":\"Person\",\"@id\":\"https:\\\/\\\/www.madulain.ch\\\/#\\\/schema\\\/person\\\/c48448ed653cdecd2ff83f3a8ef8c105\",\"name\":\"vengo ADMIN\",\"image\":{\"@type\":\"ImageObject\",\"inLanguage\":\"it-IT\",\"@id\":\"https:\\\/\\\/secure.gravatar.com\\\/avatar\\\/de38c1b4ba8f14334fc485bb4732a627551688a773ca6aa101bf28a73f595f7d?s=96&d=mm&r=g\",\"url\":\"https:\\\/\\\/secure.gravatar.com\\\/avatar\\\/de38c1b4ba8f14334fc485bb4732a627551688a773ca6aa101bf28a73f595f7d?s=96&d=mm&r=g\",\"contentUrl\":\"https:\\\/\\\/secure.gravatar.com\\\/avatar\\\/de38c1b4ba8f14334fc485bb4732a627551688a773ca6aa101bf28a73f595f7d?s=96&d=mm&r=g\",\"caption\":\"vengo ADMIN\"}}]}<\/script>\n<!-- \/ Yoast SEO plugin. -->","yoast_head_json":{"title":"Invito all&#039;Assemblea Comunale del 1 novembre 2021 - Comune di Madulain","robots":{"index":"index","follow":"follow","max-snippet":"max-snippet:-1","max-image-preview":"max-image-preview:large","max-video-preview":"max-video-preview:-1"},"canonical":"https:\/\/www.madulain.ch\/it\/invito-riunione-comunitaria-1-novembre-2021\/","og_locale":"it_IT","og_type":"article","og_title":"Einladung zur Gemeinde\u00adversammlung vom 1. November 2021 - Gemeinde Madulain","og_description":"Am Montag, 1. November 2021 findet die Gemeindeversammlung im Gemeindesaal statt. Treffpunkt wie immer um 20.00 Uhr. Traktanden1. Er\u00f6ffnung und [...]","og_url":"https:\/\/www.madulain.ch\/it\/invito-riunione-comunitaria-1-novembre-2021\/","og_site_name":"Gemeinde Madulain","article_published_time":"2021-10-14T22:01:47+00:00","article_modified_time":"2022-05-19T22:33:47+00:00","og_image":[{"width":2560,"height":1438,"url":"https:\/\/www.madulain.ch\/wp-content\/uploads\/2021\/10\/DJI_0945-scaled.jpg","type":"image\/jpeg"}],"author":"vengo ADMIN","twitter_card":"summary_large_image","twitter_misc":{"Scritto da":"vengo ADMIN","Tempo di lettura stimato":"1 minuto"},"schema":{"@context":"https:\/\/schema.org","@graph":[{"@type":"Article","@id":"https:\/\/www.madulain.ch\/einladung-gemeindeversammlung-1-november-2021\/#article","isPartOf":{"@id":"https:\/\/www.madulain.ch\/einladung-gemeindeversammlung-1-november-2021\/"},"author":{"name":"vengo ADMIN","@id":"https:\/\/www.madulain.ch\/#\/schema\/person\/c48448ed653cdecd2ff83f3a8ef8c105"},"headline":"Einladung zur Gemeinde\u00adversammlung vom 1. November 2021","datePublished":"2021-10-14T22:01:47+00:00","dateModified":"2022-05-19T22:33:47+00:00","mainEntityOfPage":{"@id":"https:\/\/www.madulain.ch\/einladung-gemeindeversammlung-1-november-2021\/"},"wordCount":119,"publisher":{"@id":"https:\/\/www.madulain.ch\/#organization"},"image":{"@id":"https:\/\/www.madulain.ch\/einladung-gemeindeversammlung-1-november-2021\/#primaryimage"},"thumbnailUrl":"https:\/\/www.madulain.ch\/wp-content\/uploads\/2021\/10\/DJI_0945-scaled.jpg","articleSection":["Gemeinde&shy;\u00adversammlung"],"inLanguage":"it-IT"},{"@type":"WebPage","@id":"https:\/\/www.madulain.ch\/einladung-gemeindeversammlung-1-november-2021\/","url":"https:\/\/www.madulain.ch\/einladung-gemeindeversammlung-1-november-2021\/","name":"Invito all&#039;Assemblea Comunale del 1 novembre 2021 - Comune di Madulain","isPartOf":{"@id":"https:\/\/www.madulain.ch\/#website"},"primaryImageOfPage":{"@id":"https:\/\/www.madulain.ch\/einladung-gemeindeversammlung-1-november-2021\/#primaryimage"},"image":{"@id":"https:\/\/www.madulain.ch\/einladung-gemeindeversammlung-1-november-2021\/#primaryimage"},"thumbnailUrl":"https:\/\/www.madulain.ch\/wp-content\/uploads\/2021\/10\/DJI_0945-scaled.jpg","datePublished":"2021-10-14T22:01:47+00:00","dateModified":"2022-05-19T22:33:47+00:00","breadcrumb":{"@id":"https:\/\/www.madulain.ch\/einladung-gemeindeversammlung-1-november-2021\/#breadcrumb"},"inLanguage":"it-IT","potentialAction":[{"@type":"ReadAction","target":["https:\/\/www.madulain.ch\/einladung-gemeindeversammlung-1-november-2021\/"]}]},{"@type":"ImageObject","inLanguage":"it-IT","@id":"https:\/\/www.madulain.ch\/einladung-gemeindeversammlung-1-november-2021\/#primaryimage","url":"https:\/\/www.madulain.ch\/wp-content\/uploads\/2021\/10\/DJI_0945-scaled.jpg","contentUrl":"https:\/\/www.madulain.ch\/wp-content\/uploads\/2021\/10\/DJI_0945-scaled.jpg","width":2560,"height":1438},{"@type":"BreadcrumbList","@id":"https:\/\/www.madulain.ch\/einladung-gemeindeversammlung-1-november-2021\/#breadcrumb","itemListElement":[{"@type":"ListItem","position":1,"name":"Madulain","item":"https:\/\/www.madulain.ch\/"},{"@type":"ListItem","position":2,"name":"Einladung zur Gemeinde\u00adversammlung vom 1. November 2021"}]},{"@type":"WebSite","@id":"https:\/\/www.madulain.ch\/#website","url":"https:\/\/www.madulain.ch\/","name":"Comune di Madulain","description":"Regione di Maloja, Engadina - St. Moritz","publisher":{"@id":"https:\/\/www.madulain.ch\/#organization"},"potentialAction":[{"@type":"SearchAction","target":{"@type":"EntryPoint","urlTemplate":"https:\/\/www.madulain.ch\/?s={search_term_string}"},"query-input":{"@type":"PropertyValueSpecification","valueRequired":true,"valueName":"search_term_string"}}],"inLanguage":"it-IT"},{"@type":"Organization","@id":"https:\/\/www.madulain.ch\/#organization","name":"Comune di Madulain","url":"https:\/\/www.madulain.ch\/","logo":{"@type":"ImageObject","inLanguage":"it-IT","@id":"https:\/\/www.madulain.ch\/#\/schema\/logo\/image\/","url":"https:\/\/www.madulain.ch\/wp-content\/uploads\/2019\/08\/madulain_logo_black.png","contentUrl":"https:\/\/www.madulain.ch\/wp-content\/uploads\/2019\/08\/madulain_logo_black.png","width":500,"height":129,"caption":"Gemeinde Madulain"},"image":{"@id":"https:\/\/www.madulain.ch\/#\/schema\/logo\/image\/"}},{"@type":"Person","@id":"https:\/\/www.madulain.ch\/#\/schema\/person\/c48448ed653cdecd2ff83f3a8ef8c105","name":"vengo AMMINISTRATORE","image":{"@type":"ImageObject","inLanguage":"it-IT","@id":"https:\/\/secure.gravatar.com\/avatar\/de38c1b4ba8f14334fc485bb4732a627551688a773ca6aa101bf28a73f595f7d?s=96&d=mm&r=g","url":"https:\/\/secure.gravatar.com\/avatar\/de38c1b4ba8f14334fc485bb4732a627551688a773ca6aa101bf28a73f595f7d?s=96&d=mm&r=g","contentUrl":"https:\/\/secure.gravatar.com\/avatar\/de38c1b4ba8f14334fc485bb4732a627551688a773ca6aa101bf28a73f595f7d?s=96&d=mm&r=g","caption":"vengo ADMIN"}}]}},"_links":{"self":[{"href":"https:\/\/www.madulain.ch\/it\/wp-json\/wp\/v2\/posts\/6253","targetHints":{"allow":["GET"]}}],"collection":[{"href":"https:\/\/www.madulain.ch\/it\/wp-json\/wp\/v2\/posts"}],"about":[{"href":"https:\/\/www.madulain.ch\/it\/wp-json\/wp\/v2\/types\/post"}],"author":[{"embeddable":true,"href":"https:\/\/www.madulain.ch\/it\/wp-json\/wp\/v2\/users\/2"}],"replies":[{"embeddable":true,"href":"https:\/\/www.madulain.ch\/it\/wp-json\/wp\/v2\/comments?post=6253"}],"version-history":[{"count":0,"href":"https:\/\/www.madulain.ch\/it\/wp-json\/wp\/v2\/posts\/6253\/revisions"}],"wp:featuredmedia":[{"embeddable":true,"href":"https:\/\/www.madulain.ch\/it\/wp-json\/wp\/v2\/media\/6257"}],"wp:attachment":[{"href":"https:\/\/www.madulain.ch\/it\/wp-json\/wp\/v2\/media?parent=6253"}],"wp:term":[{"taxonomy":"category","embeddable":true,"href":"https:\/\/www.madulain.ch\/it\/wp-json\/wp\/v2\/categories?post=6253"},{"taxonomy":"post_tag","embeddable":true,"href":"https:\/\/www.madulain.ch\/it\/wp-json\/wp\/v2\/tags?post=6253"}],"curies":[{"name":"wp","href":"https:\/\/api.w.org\/{rel}","templated":true}]}}