{"id":6277,"date":"2021-11-04T15:00:45","date_gmt":"2021-11-04T13:00:45","guid":{"rendered":"https:\/\/www.madulain.ch\/?p=6277"},"modified":"2021-11-04T16:16:25","modified_gmt":"2021-11-04T14:16:25","slug":"due-punti-allordine-del-giorno-adottato-allunanimita","status":"publish","type":"post","link":"https:\/\/www.madulain.ch\/it\/zwei-traktanden-einstimmig-angenommen\/","title":{"rendered":"Due punti all&#039;ordine del giorno sono stati approvati all&#039;unanimit\u00e0"},"content":{"rendered":"<div data-elementor-type=\"wp-post\" data-elementor-id=\"6277\" class=\"elementor elementor-6277\" data-elementor-post-type=\"post\">\n\t\t\t\t\t\t<section class=\"elementor-section elementor-top-section elementor-element elementor-element-0b4b30f elementor-section-boxed elementor-section-height-default elementor-section-height-default\" data-id=\"0b4b30f\" data-element_type=\"section\" data-e-type=\"section\">\n\t\t\t\t\t\t<div class=\"elementor-container elementor-column-gap-default\">\n\t\t\t\t\t<div class=\"elementor-column elementor-col-100 elementor-top-column elementor-element elementor-element-6005069\" data-id=\"6005069\" data-element_type=\"column\" data-e-type=\"column\">\n\t\t\t<div class=\"elementor-widget-wrap elementor-element-populated\">\n\t\t\t\t\t\t<div class=\"elementor-element elementor-element-f94d7b1 elementor-widget elementor-widget-text-editor\" data-id=\"f94d7b1\" data-element_type=\"widget\" data-e-type=\"widget\" data-widget_type=\"text-editor.default\">\n\t\t\t\t<div class=\"elementor-widget-container\">\n\t\t\t\t\t\t\t\t\t<p><strong>Tredici elettori erano presenti all&#039;assemblea comunale del 1\u00b0 novembre 2021. Due mozioni sono state approvate all&#039;unanimit\u00e0 e la terza proposta del consiglio di comunit\u00e0 \u00e8 stata approvata con un&#039;astensione.\u00a0<\/strong><\/p>\t\t\t\t\t\t\t\t<\/div>\n\t\t\t\t<\/div>\n\t\t\t\t\t<\/div>\n\t\t<\/div>\n\t\t\t\t\t<\/div>\n\t\t<\/section>\n\t\t\t\t<section class=\"elementor-section elementor-top-section elementor-element elementor-element-b3b0e3f elementor-section-boxed elementor-section-height-default elementor-section-height-default\" data-id=\"b3b0e3f\" data-element_type=\"section\" data-e-type=\"section\">\n\t\t\t\t\t\t<div class=\"elementor-container elementor-column-gap-default\">\n\t\t\t\t\t<div class=\"elementor-column elementor-col-100 elementor-top-column elementor-element elementor-element-e5fb1d8\" data-id=\"e5fb1d8\" data-element_type=\"column\" data-e-type=\"column\">\n\t\t\t<div class=\"elementor-widget-wrap elementor-element-populated\">\n\t\t\t\t\t\t<div class=\"elementor-element elementor-element-98e9ed2 elementor-widget elementor-widget-text-editor\" data-id=\"98e9ed2\" data-element_type=\"widget\" data-e-type=\"widget\" data-widget_type=\"text-editor.default\">\n\t\t\t\t<div class=\"elementor-widget-container\">\n\t\t\t\t\t\t\t\t\t<p>Come per il patto parasociale del 2017, il <strong>Addendum al patto parasociale<\/strong> tra i comuni superiori e inferiori in merito alla ripartizione delle quote di Promulins AG, presentata all&#039;assemblea comunale. All&#039;unanimit\u00e0, il comune di Madulain approva l&#039;acquisizione di un ulteriore blocco di azioni di Promulins AG di 195 azioni a CHF 14&#039;810,25.\u00a0<\/p><p>Il consiglio comunale di Madulain ha chiesto l&#039;approvazione a <strong>Fondazione dell&#039;associazione \u00abTourism Management Plaiv Engadin\u00bb.\u00a0\u00a0<br \/><\/strong><span style=\"font-size: 19px;\">Su iniziativa delle commissioni del turismo, i comuni di Plaiv hanno rivalutato la cooperazione turistica nel Plaiv e anche il contratto di servizi con Engadin St. Moritz AG (ESTM AG). L&#039;idea \u00e8 quella di trasferire una collaborazione nell&#039;area della progettazione e del coordinamento del prodotto a ESTM AG.\u00a0<br \/><\/span><span style=\"font-size: 19px; font-style: normal; font-weight: 400;\">Gli elettori hanno seguito la raccomandazione e hanno approvato questa mozione con un&#039;astensione.\u00a0<\/span><span style=\"font-size: 19px;\">Pertanto, in futuro, il mandato di prestazioni del comune di Madulain a ESTM AG includer\u00e0 il mandato di base delle attivit\u00e0 di marketing, la gestione del punto informazioni (oggi a La Punt) e in futuro alla stazione ferroviaria di Zuoz anche la progettazione del prodotto .\u00a0<\/span><\/p><p>Anche il terzo punto all&#039;ordine del giorno <strong>Rinnovo della convenzione di prestazione tra i Comuni dell&#039;Alta Engadina e la Fondazione dell&#039;Alta Engadina (SGO)<\/strong> \u00e8 stato approvato all&#039;unanimit\u00e0 dall&#039;assemblea comunale. Proseguir\u00e0 l&#039;accordo di servizio esistente per le operazioni ospedaliere con l&#039;ufficio di coordinamento per la vecchiaia e l&#039;assistenza e l&#039;operazione di Spitex Oberengadin.\u00a0<\/p><p>Sotto il punto all&#039;ordine del giorno Varia, il sindaco, Roberto Zanetti, si deve alla buona organizzazione del <b>Mercato delle pulci,<\/b> avvenuta all&#039;inizio di ottobre. Sono stati poi discussi i seguenti argomenti:\u00a0<br \/><b style=\"font-style: inherit;\">Zona di protezione della fauna selvatica: <\/b><span style=\"font-style: inherit;\">previa consultazione con il guardacaccia e il consiglio di amministrazione della comunit\u00e0 <\/span><span style=\"font-size: 19px;\">la zona di sosta del gioco estesa che \u00e8 stata istituita l&#039;anno scorso non sar\u00e0 continuata in futuro.\u00a0<\/span><span style=\"font-size: 19px;\">Un cartello con una mappa della zona selvaggia sar\u00e0 appeso alla stazione ferroviaria e, si spera, sar\u00e0 letto e rispettato dagli appassionati di sport invernali.\u00a0\u00a0<\/span><b style=\"font-style: inherit;\">\u00a0<br \/><\/b><b style=\"font-style: inherit;\">Pista per slittini:<\/b><span style=\"font-size: 19px;\"> Il divieto di slittino per la Via Vallatscha spesso non viene rispettato oppure rispettato, che porta a situazioni pericolose. La comunit\u00e0 organizzer\u00e0 una divisione maggiore al fine di ridurre l&#039;attrattiva della pista per slittini. L&#039;assemblea della comunit\u00e0 ha convenuto che si debba applicare la responsabilit\u00e0 personale.<br \/><\/span><b style=\"font-style: inherit;\">Tempo 30:<\/b><span style=\"font-size: 19px;\"> Dopo i rilievi di velocit\u00e0 sulla via Principela,\u00a0<\/span><span style=\"font-size: 19px; font-style: normal; font-weight: 400;\">vari\u00a0<\/span><span style=\"font-size: 19px; font-style: normal; font-weight: 400;\">Chiarimenti<\/span><span style=\"font-size: 19px;\">\u00a0e la discussione con la polizia cantonale ha dimostrato che le persone di solito non guidano troppo velocemente nella comunit\u00e0. Non avrebbe senso utilizzare spostamenti verticali sulla Via Gravulaina. Inoltre, secondo KAPO, i segni sono chiaramente visibili in vari punti. Anche l&#039;assemblea comunitaria \u00e8 d&#039;accordo su questo tema; dovrebbe valere la responsabilit\u00e0 personale.\u00a0<\/span><\/p><p>Il protocollo pu\u00f2 presto <a href=\"https:\/\/www.madulain.ch\/gemeinde\/gemeindeversammlung\/\">Qui<\/a> pu\u00f2 essere visualizzato.<\/p><p>\u00a0<\/p>\t\t\t\t\t\t\t\t<\/div>\n\t\t\t\t<\/div>\n\t\t\t\t\t<\/div>\n\t\t<\/div>\n\t\t\t\t\t<\/div>\n\t\t<\/section>\n\t\t\t\t<\/div>","protected":false},"excerpt":{"rendered":"<p>An der Gemeindeversammlung vom 1. November 2021 waren dreizehn Stimmb\u00fcrgerinnen und Stimmb\u00fcrger anwesend. Zwei Antr\u00e4ge wurden einstimmig und die dritte [&#8230;]<\/p>\n","protected":false},"author":2,"featured_media":2011,"comment_status":"closed","ping_status":"closed","sticky":false,"template":"","format":"standard","meta":{"_relevanssi_hide_post":"","_relevanssi_hide_content":"","_relevanssi_pin_for_all":"","_relevanssi_pin_keywords":"","_relevanssi_unpin_keywords":"","_relevanssi_related_keywords":"","_relevanssi_related_include_ids":"","_relevanssi_related_exclude_ids":"","_relevanssi_related_no_append":"","_relevanssi_related_not_related":"","_relevanssi_related_posts":"","_relevanssi_noindex_reason":"","site-sidebar-layout":"default","site-content-layout":"default","ast-site-content-layout":"default","site-content-style":"default","site-sidebar-style":"default","ast-global-header-display":"","ast-banner-title-visibility":"","ast-main-header-display":"","ast-hfb-above-header-display":"","ast-hfb-below-header-display":"","ast-hfb-mobile-header-display":"","site-post-title":"","ast-breadcrumbs-content":"","ast-featured-img":"","footer-sml-layout":"","ast-disable-related-posts":"","theme-transparent-header-meta":"default","adv-header-id-meta":"","stick-header-meta":"","header-above-stick-meta":"","header-main-stick-meta":"","header-below-stick-meta":"","astra-migrate-meta-layouts":"default","ast-page-background-enabled":"default","ast-page-background-meta":{"desktop":{"background-color":"","background-image":"","background-repeat":"repeat","background-position":"center center","background-size":"auto","background-attachment":"scroll","background-type":"","background-media":"","overlay-type":"","overlay-color":"","overlay-opacity":"","overlay-gradient":""},"tablet":{"background-color":"","background-image":"","background-repeat":"repeat","background-position":"center center","background-size":"auto","background-attachment":"scroll","background-type":"","background-media":"","overlay-type":"","overlay-color":"","overlay-opacity":"","overlay-gradient":""},"mobile":{"background-color":"","background-image":"","background-repeat":"repeat","background-position":"center center","background-size":"auto","background-attachment":"scroll","background-type":"","background-media":"","overlay-type":"","overlay-color":"","overlay-opacity":"","overlay-gradient":""}},"ast-content-background-meta":{"desktop":{"background-color":"var(--ast-global-color-5)","background-image":"","background-repeat":"repeat","background-position":"center center","background-size":"auto","background-attachment":"scroll","background-type":"","background-media":"","overlay-type":"","overlay-color":"","overlay-opacity":"","overlay-gradient":""},"tablet":{"background-color":"var(--ast-global-color-5)","background-image":"","background-repeat":"repeat","background-position":"center center","background-size":"auto","background-attachment":"scroll","background-type":"","background-media":"","overlay-type":"","overlay-color":"","overlay-opacity":"","overlay-gradient":""},"mobile":{"background-color":"var(--ast-global-color-5)","background-image":"","background-repeat":"repeat","background-position":"center center","background-size":"auto","background-attachment":"scroll","background-type":"","background-media":"","overlay-type":"","overlay-color":"","overlay-opacity":"","overlay-gradient":""}},"footnotes":""},"categories":[44],"tags":[],"class_list":["post-6277","post","type-post","status-publish","format-standard","has-post-thumbnail","hentry","category-gemeindeversammlung"],"yoast_head":"<!-- This site is optimized with the Yoast SEO plugin v27.4 - https:\/\/yoast.com\/product\/yoast-seo-wordpress\/ -->\n<title>Zwei Traktanden einstimmig angenommen - Gemeinde Madulain<\/title>\n<meta name=\"robots\" content=\"index, follow, max-snippet:-1, max-image-preview:large, max-video-preview:-1\" \/>\n<link rel=\"canonical\" href=\"https:\/\/www.madulain.ch\/it\/due-punti-allordine-del-giorno-adottato-allunanimita\/\" \/>\n<meta property=\"og:locale\" content=\"it_IT\" \/>\n<meta property=\"og:type\" content=\"article\" \/>\n<meta property=\"og:title\" content=\"Zwei Traktanden einstimmig angenommen - Gemeinde Madulain\" \/>\n<meta property=\"og:description\" content=\"An der Gemeindeversammlung vom 1. November 2021 waren dreizehn Stimmb\u00fcrgerinnen und Stimmb\u00fcrger anwesend. Zwei Antr\u00e4ge wurden einstimmig und die dritte [...]\" \/>\n<meta property=\"og:url\" content=\"https:\/\/www.madulain.ch\/it\/due-punti-allordine-del-giorno-adottato-allunanimita\/\" \/>\n<meta property=\"og:site_name\" content=\"Gemeinde Madulain\" \/>\n<meta property=\"article:published_time\" content=\"2021-11-04T13:00:45+00:00\" \/>\n<meta property=\"article:modified_time\" content=\"2021-11-04T14:16:25+00:00\" \/>\n<meta property=\"og:image\" content=\"https:\/\/www.madulain.ch\/wp-content\/uploads\/2019\/11\/madulain_november_17.jpg\" \/>\n\t<meta property=\"og:image:width\" content=\"1920\" \/>\n\t<meta property=\"og:image:height\" content=\"1080\" \/>\n\t<meta property=\"og:image:type\" content=\"image\/jpeg\" \/>\n<meta name=\"author\" content=\"vengo ADMIN\" \/>\n<meta name=\"twitter:card\" content=\"summary_large_image\" \/>\n<meta name=\"twitter:label1\" content=\"Scritto da\" \/>\n\t<meta name=\"twitter:data1\" content=\"vengo ADMIN\" \/>\n\t<meta name=\"twitter:label2\" content=\"Tempo di lettura stimato\" \/>\n\t<meta name=\"twitter:data2\" content=\"2 minuti\" \/>\n<script type=\"application\/ld+json\" class=\"yoast-schema-graph\">{\"@context\":\"https:\\\/\\\/schema.org\",\"@graph\":[{\"@type\":\"Article\",\"@id\":\"https:\\\/\\\/www.madulain.ch\\\/zwei-traktanden-einstimmig-angenommen\\\/#article\",\"isPartOf\":{\"@id\":\"https:\\\/\\\/www.madulain.ch\\\/zwei-traktanden-einstimmig-angenommen\\\/\"},\"author\":{\"name\":\"vengo ADMIN\",\"@id\":\"https:\\\/\\\/www.madulain.ch\\\/#\\\/schema\\\/person\\\/c48448ed653cdecd2ff83f3a8ef8c105\"},\"headline\":\"Zwei Traktanden einstimmig angenommen\",\"datePublished\":\"2021-11-04T13:00:45+00:00\",\"dateModified\":\"2021-11-04T14:16:25+00:00\",\"mainEntityOfPage\":{\"@id\":\"https:\\\/\\\/www.madulain.ch\\\/zwei-traktanden-einstimmig-angenommen\\\/\"},\"wordCount\":436,\"publisher\":{\"@id\":\"https:\\\/\\\/www.madulain.ch\\\/#organization\"},\"image\":{\"@id\":\"https:\\\/\\\/www.madulain.ch\\\/zwei-traktanden-einstimmig-angenommen\\\/#primaryimage\"},\"thumbnailUrl\":\"https:\\\/\\\/www.madulain.ch\\\/wp-content\\\/uploads\\\/2019\\\/11\\\/madulain_november_17.jpg\",\"articleSection\":[\"Gemeinde&shy;\u00adversammlung\"],\"inLanguage\":\"it-IT\"},{\"@type\":\"WebPage\",\"@id\":\"https:\\\/\\\/www.madulain.ch\\\/zwei-traktanden-einstimmig-angenommen\\\/\",\"url\":\"https:\\\/\\\/www.madulain.ch\\\/zwei-traktanden-einstimmig-angenommen\\\/\",\"name\":\"Zwei Traktanden einstimmig angenommen - Gemeinde Madulain\",\"isPartOf\":{\"@id\":\"https:\\\/\\\/www.madulain.ch\\\/#website\"},\"primaryImageOfPage\":{\"@id\":\"https:\\\/\\\/www.madulain.ch\\\/zwei-traktanden-einstimmig-angenommen\\\/#primaryimage\"},\"image\":{\"@id\":\"https:\\\/\\\/www.madulain.ch\\\/zwei-traktanden-einstimmig-angenommen\\\/#primaryimage\"},\"thumbnailUrl\":\"https:\\\/\\\/www.madulain.ch\\\/wp-content\\\/uploads\\\/2019\\\/11\\\/madulain_november_17.jpg\",\"datePublished\":\"2021-11-04T13:00:45+00:00\",\"dateModified\":\"2021-11-04T14:16:25+00:00\",\"breadcrumb\":{\"@id\":\"https:\\\/\\\/www.madulain.ch\\\/zwei-traktanden-einstimmig-angenommen\\\/#breadcrumb\"},\"inLanguage\":\"it-IT\",\"potentialAction\":[{\"@type\":\"ReadAction\",\"target\":[\"https:\\\/\\\/www.madulain.ch\\\/zwei-traktanden-einstimmig-angenommen\\\/\"]}]},{\"@type\":\"ImageObject\",\"inLanguage\":\"it-IT\",\"@id\":\"https:\\\/\\\/www.madulain.ch\\\/zwei-traktanden-einstimmig-angenommen\\\/#primaryimage\",\"url\":\"https:\\\/\\\/www.madulain.ch\\\/wp-content\\\/uploads\\\/2019\\\/11\\\/madulain_november_17.jpg\",\"contentUrl\":\"https:\\\/\\\/www.madulain.ch\\\/wp-content\\\/uploads\\\/2019\\\/11\\\/madulain_november_17.jpg\",\"width\":1920,\"height\":1080},{\"@type\":\"BreadcrumbList\",\"@id\":\"https:\\\/\\\/www.madulain.ch\\\/zwei-traktanden-einstimmig-angenommen\\\/#breadcrumb\",\"itemListElement\":[{\"@type\":\"ListItem\",\"position\":1,\"name\":\"Madulain\",\"item\":\"https:\\\/\\\/www.madulain.ch\\\/\"},{\"@type\":\"ListItem\",\"position\":2,\"name\":\"Zwei Traktanden einstimmig angenommen\"}]},{\"@type\":\"WebSite\",\"@id\":\"https:\\\/\\\/www.madulain.ch\\\/#website\",\"url\":\"https:\\\/\\\/www.madulain.ch\\\/\",\"name\":\"Gemeinde Madulain\",\"description\":\"Region Maloja, Engadin - St. Moritz\",\"publisher\":{\"@id\":\"https:\\\/\\\/www.madulain.ch\\\/#organization\"},\"potentialAction\":[{\"@type\":\"SearchAction\",\"target\":{\"@type\":\"EntryPoint\",\"urlTemplate\":\"https:\\\/\\\/www.madulain.ch\\\/?s={search_term_string}\"},\"query-input\":{\"@type\":\"PropertyValueSpecification\",\"valueRequired\":true,\"valueName\":\"search_term_string\"}}],\"inLanguage\":\"it-IT\"},{\"@type\":\"Organization\",\"@id\":\"https:\\\/\\\/www.madulain.ch\\\/#organization\",\"name\":\"Gemeinde Madulain\",\"url\":\"https:\\\/\\\/www.madulain.ch\\\/\",\"logo\":{\"@type\":\"ImageObject\",\"inLanguage\":\"it-IT\",\"@id\":\"https:\\\/\\\/www.madulain.ch\\\/#\\\/schema\\\/logo\\\/image\\\/\",\"url\":\"https:\\\/\\\/www.madulain.ch\\\/wp-content\\\/uploads\\\/2019\\\/08\\\/madulain_logo_black.png\",\"contentUrl\":\"https:\\\/\\\/www.madulain.ch\\\/wp-content\\\/uploads\\\/2019\\\/08\\\/madulain_logo_black.png\",\"width\":500,\"height\":129,\"caption\":\"Gemeinde Madulain\"},\"image\":{\"@id\":\"https:\\\/\\\/www.madulain.ch\\\/#\\\/schema\\\/logo\\\/image\\\/\"}},{\"@type\":\"Person\",\"@id\":\"https:\\\/\\\/www.madulain.ch\\\/#\\\/schema\\\/person\\\/c48448ed653cdecd2ff83f3a8ef8c105\",\"name\":\"vengo ADMIN\",\"image\":{\"@type\":\"ImageObject\",\"inLanguage\":\"it-IT\",\"@id\":\"https:\\\/\\\/secure.gravatar.com\\\/avatar\\\/de38c1b4ba8f14334fc485bb4732a627551688a773ca6aa101bf28a73f595f7d?s=96&d=mm&r=g\",\"url\":\"https:\\\/\\\/secure.gravatar.com\\\/avatar\\\/de38c1b4ba8f14334fc485bb4732a627551688a773ca6aa101bf28a73f595f7d?s=96&d=mm&r=g\",\"contentUrl\":\"https:\\\/\\\/secure.gravatar.com\\\/avatar\\\/de38c1b4ba8f14334fc485bb4732a627551688a773ca6aa101bf28a73f595f7d?s=96&d=mm&r=g\",\"caption\":\"vengo ADMIN\"}}]}<\/script>\n<!-- \/ Yoast SEO plugin. -->","yoast_head_json":{"title":"Due punti all&#039;ordine del giorno adottati all&#039;unanimit\u00e0 - Comune di Madulain","robots":{"index":"index","follow":"follow","max-snippet":"max-snippet:-1","max-image-preview":"max-image-preview:large","max-video-preview":"max-video-preview:-1"},"canonical":"https:\/\/www.madulain.ch\/it\/due-punti-allordine-del-giorno-adottato-allunanimita\/","og_locale":"it_IT","og_type":"article","og_title":"Zwei Traktanden einstimmig angenommen - Gemeinde Madulain","og_description":"An der Gemeindeversammlung vom 1. November 2021 waren dreizehn Stimmb\u00fcrgerinnen und Stimmb\u00fcrger anwesend. Zwei Antr\u00e4ge wurden einstimmig und die dritte [...]","og_url":"https:\/\/www.madulain.ch\/it\/due-punti-allordine-del-giorno-adottato-allunanimita\/","og_site_name":"Gemeinde Madulain","article_published_time":"2021-11-04T13:00:45+00:00","article_modified_time":"2021-11-04T14:16:25+00:00","og_image":[{"width":1920,"height":1080,"url":"https:\/\/www.madulain.ch\/wp-content\/uploads\/2019\/11\/madulain_november_17.jpg","type":"image\/jpeg"}],"author":"vengo ADMIN","twitter_card":"summary_large_image","twitter_misc":{"Scritto da":"vengo ADMIN","Tempo di lettura stimato":"2 minuti"},"schema":{"@context":"https:\/\/schema.org","@graph":[{"@type":"Article","@id":"https:\/\/www.madulain.ch\/zwei-traktanden-einstimmig-angenommen\/#article","isPartOf":{"@id":"https:\/\/www.madulain.ch\/zwei-traktanden-einstimmig-angenommen\/"},"author":{"name":"vengo ADMIN","@id":"https:\/\/www.madulain.ch\/#\/schema\/person\/c48448ed653cdecd2ff83f3a8ef8c105"},"headline":"Zwei Traktanden einstimmig angenommen","datePublished":"2021-11-04T13:00:45+00:00","dateModified":"2021-11-04T14:16:25+00:00","mainEntityOfPage":{"@id":"https:\/\/www.madulain.ch\/zwei-traktanden-einstimmig-angenommen\/"},"wordCount":436,"publisher":{"@id":"https:\/\/www.madulain.ch\/#organization"},"image":{"@id":"https:\/\/www.madulain.ch\/zwei-traktanden-einstimmig-angenommen\/#primaryimage"},"thumbnailUrl":"https:\/\/www.madulain.ch\/wp-content\/uploads\/2019\/11\/madulain_november_17.jpg","articleSection":["Gemeinde&shy;\u00adversammlung"],"inLanguage":"it-IT"},{"@type":"WebPage","@id":"https:\/\/www.madulain.ch\/zwei-traktanden-einstimmig-angenommen\/","url":"https:\/\/www.madulain.ch\/zwei-traktanden-einstimmig-angenommen\/","name":"Due punti all&#039;ordine del giorno adottati all&#039;unanimit\u00e0 - Comune di Madulain","isPartOf":{"@id":"https:\/\/www.madulain.ch\/#website"},"primaryImageOfPage":{"@id":"https:\/\/www.madulain.ch\/zwei-traktanden-einstimmig-angenommen\/#primaryimage"},"image":{"@id":"https:\/\/www.madulain.ch\/zwei-traktanden-einstimmig-angenommen\/#primaryimage"},"thumbnailUrl":"https:\/\/www.madulain.ch\/wp-content\/uploads\/2019\/11\/madulain_november_17.jpg","datePublished":"2021-11-04T13:00:45+00:00","dateModified":"2021-11-04T14:16:25+00:00","breadcrumb":{"@id":"https:\/\/www.madulain.ch\/zwei-traktanden-einstimmig-angenommen\/#breadcrumb"},"inLanguage":"it-IT","potentialAction":[{"@type":"ReadAction","target":["https:\/\/www.madulain.ch\/zwei-traktanden-einstimmig-angenommen\/"]}]},{"@type":"ImageObject","inLanguage":"it-IT","@id":"https:\/\/www.madulain.ch\/zwei-traktanden-einstimmig-angenommen\/#primaryimage","url":"https:\/\/www.madulain.ch\/wp-content\/uploads\/2019\/11\/madulain_november_17.jpg","contentUrl":"https:\/\/www.madulain.ch\/wp-content\/uploads\/2019\/11\/madulain_november_17.jpg","width":1920,"height":1080},{"@type":"BreadcrumbList","@id":"https:\/\/www.madulain.ch\/zwei-traktanden-einstimmig-angenommen\/#breadcrumb","itemListElement":[{"@type":"ListItem","position":1,"name":"Madulain","item":"https:\/\/www.madulain.ch\/"},{"@type":"ListItem","position":2,"name":"Zwei Traktanden einstimmig angenommen"}]},{"@type":"WebSite","@id":"https:\/\/www.madulain.ch\/#website","url":"https:\/\/www.madulain.ch\/","name":"Comune di Madulain","description":"Regione di Maloja, Engadina - St. Moritz","publisher":{"@id":"https:\/\/www.madulain.ch\/#organization"},"potentialAction":[{"@type":"SearchAction","target":{"@type":"EntryPoint","urlTemplate":"https:\/\/www.madulain.ch\/?s={search_term_string}"},"query-input":{"@type":"PropertyValueSpecification","valueRequired":true,"valueName":"search_term_string"}}],"inLanguage":"it-IT"},{"@type":"Organization","@id":"https:\/\/www.madulain.ch\/#organization","name":"Comune di Madulain","url":"https:\/\/www.madulain.ch\/","logo":{"@type":"ImageObject","inLanguage":"it-IT","@id":"https:\/\/www.madulain.ch\/#\/schema\/logo\/image\/","url":"https:\/\/www.madulain.ch\/wp-content\/uploads\/2019\/08\/madulain_logo_black.png","contentUrl":"https:\/\/www.madulain.ch\/wp-content\/uploads\/2019\/08\/madulain_logo_black.png","width":500,"height":129,"caption":"Gemeinde Madulain"},"image":{"@id":"https:\/\/www.madulain.ch\/#\/schema\/logo\/image\/"}},{"@type":"Person","@id":"https:\/\/www.madulain.ch\/#\/schema\/person\/c48448ed653cdecd2ff83f3a8ef8c105","name":"vengo AMMINISTRATORE","image":{"@type":"ImageObject","inLanguage":"it-IT","@id":"https:\/\/secure.gravatar.com\/avatar\/de38c1b4ba8f14334fc485bb4732a627551688a773ca6aa101bf28a73f595f7d?s=96&d=mm&r=g","url":"https:\/\/secure.gravatar.com\/avatar\/de38c1b4ba8f14334fc485bb4732a627551688a773ca6aa101bf28a73f595f7d?s=96&d=mm&r=g","contentUrl":"https:\/\/secure.gravatar.com\/avatar\/de38c1b4ba8f14334fc485bb4732a627551688a773ca6aa101bf28a73f595f7d?s=96&d=mm&r=g","caption":"vengo ADMIN"}}]}},"_links":{"self":[{"href":"https:\/\/www.madulain.ch\/it\/wp-json\/wp\/v2\/posts\/6277","targetHints":{"allow":["GET"]}}],"collection":[{"href":"https:\/\/www.madulain.ch\/it\/wp-json\/wp\/v2\/posts"}],"about":[{"href":"https:\/\/www.madulain.ch\/it\/wp-json\/wp\/v2\/types\/post"}],"author":[{"embeddable":true,"href":"https:\/\/www.madulain.ch\/it\/wp-json\/wp\/v2\/users\/2"}],"replies":[{"embeddable":true,"href":"https:\/\/www.madulain.ch\/it\/wp-json\/wp\/v2\/comments?post=6277"}],"version-history":[{"count":0,"href":"https:\/\/www.madulain.ch\/it\/wp-json\/wp\/v2\/posts\/6277\/revisions"}],"wp:featuredmedia":[{"embeddable":true,"href":"https:\/\/www.madulain.ch\/it\/wp-json\/wp\/v2\/media\/2011"}],"wp:attachment":[{"href":"https:\/\/www.madulain.ch\/it\/wp-json\/wp\/v2\/media?parent=6277"}],"wp:term":[{"taxonomy":"category","embeddable":true,"href":"https:\/\/www.madulain.ch\/it\/wp-json\/wp\/v2\/categories?post=6277"},{"taxonomy":"post_tag","embeddable":true,"href":"https:\/\/www.madulain.ch\/it\/wp-json\/wp\/v2\/tags?post=6277"}],"curies":[{"name":"wp","href":"https:\/\/api.w.org\/{rel}","templated":true}]}}